{"id":7889,"date":"2024-02-06T15:01:53","date_gmt":"2024-02-06T18:01:53","guid":{"rendered":"https:\/\/aderj.com.br\/v1.0-teste2\/?post_type=publicacoes&amp;p=7889"},"modified":"2024-02-06T15:01:53","modified_gmt":"2024-02-06T18:01:53","slug":"agradecimento-pelas-doacoes-da-campanha-de-natal-aderj-2023","status":"publish","type":"post","link":"https:\/\/aderj.com.br\/index.php\/2024\/02\/06\/agradecimento-pelas-doacoes-da-campanha-de-natal-aderj-2023\/","title":{"rendered":"Agradecimento pelas Doa\u00e7\u00f5es da Campanha de Natal ADERJ 2023."},"content":{"rendered":"<p>O\u00a0 grupo ADERJ Elas e o Instituto ABAD, agradece pela sua parceria na Campanha de Natal ADERJ 2023.<br \/>\nMuit\u00edssimo obrigado!.<\/p>\n<p>Clique aqui e veja as Institui\u00e7\u00f5es beneficiadas <a href=\"https:\/\/aderj.com.br\/v1.0-posts\/wp-content\/uploads\/2024\/02\/CAMPANHA-NATAL-ADERJ-2o-SEMESTRE.pdf\">CAMPANHA NATAL ADERJ 2\u00ba SEMESTRE.<\/a><\/p>\n<p>&nbsp;<\/p>\n","protected":false},"excerpt":{"rendered":"<p>O\u00a0 grupo ADERJ Elas e o Instituto ABAD, agradece pela sua parceria na Campanha de Natal ADERJ 2023. Muit\u00edssimo obrigado!. Clique aqui e veja as Institui\u00e7\u00f5es beneficiadas CAMPANHA NATAL ADERJ 2\u00ba SEMESTRE. &nbsp;<\/p>\n","protected":false},"author":1,"featured_media":7891,"comment_status":"closed","ping_status":"closed","sticky":false,"template":"","format":"standard","meta":{"footnotes":""},"categories":[1],"tags":[],"class_list":["post-7889","post","type-post","status-publish","format-standard","has-post-thumbnail","hentry","category-blog"],"rttpg_featured_image_url":{"full":["https:\/\/aderj.com.br\/wp-content\/uploads\/2024\/02\/WhatsApp-Image-2024-02-06-at-12.10.21.jpeg",1380,1380,false],"landscape":["https:\/\/aderj.com.br\/wp-content\/uploads\/2024\/02\/WhatsApp-Image-2024-02-06-at-12.10.21.jpeg",1380,1380,false],"portraits":["https:\/\/aderj.com.br\/wp-content\/uploads\/2024\/02\/WhatsApp-Image-2024-02-06-at-12.10.21.jpeg",1380,1380,false],"thumbnail":["https:\/\/aderj.com.br\/wp-content\/uploads\/2024\/02\/WhatsApp-Image-2024-02-06-at-12.10.21-150x150.jpeg",150,150,true],"medium":["https:\/\/aderj.com.br\/wp-content\/uploads\/2024\/02\/WhatsApp-Image-2024-02-06-at-12.10.21-300x300.jpeg",300,300,true],"large":["https:\/\/aderj.com.br\/wp-content\/uploads\/2024\/02\/WhatsApp-Image-2024-02-06-at-12.10.21-1024x1024.jpeg",800,800,true],"1536x1536":["https:\/\/aderj.com.br\/wp-content\/uploads\/2024\/02\/WhatsApp-Image-2024-02-06-at-12.10.21.jpeg",1380,1380,false],"2048x2048":["https:\/\/aderj.com.br\/wp-content\/uploads\/2024\/02\/WhatsApp-Image-2024-02-06-at-12.10.21.jpeg",1380,1380,false]},"rttpg_author":{"display_name":"ADMIN","author_link":"https:\/\/aderj.com.br\/index.php\/author\/angrarj-com\/"},"rttpg_comment":0,"rttpg_category":"<a href=\"https:\/\/aderj.com.br\/index.php\/category\/blog\/\" rel=\"category tag\">Blog<\/a>","rttpg_excerpt":"O\u00a0 grupo ADERJ Elas e o Instituto ABAD, agradece pela sua parceria na Campanha de Natal ADERJ 2023. Muit\u00edssimo obrigado!. Clique aqui e veja as Institui\u00e7\u00f5es beneficiadas CAMPANHA NATAL ADERJ 2\u00ba SEMESTRE. &nbsp;","_links":{"self":[{"href":"https:\/\/aderj.com.br\/index.php\/wp-json\/wp\/v2\/posts\/7889","targetHints":{"allow":["GET"]}}],"collection":[{"href":"https:\/\/aderj.com.br\/index.php\/wp-json\/wp\/v2\/posts"}],"about":[{"href":"https:\/\/aderj.com.br\/index.php\/wp-json\/wp\/v2\/types\/post"}],"author":[{"embeddable":true,"href":"https:\/\/aderj.com.br\/index.php\/wp-json\/wp\/v2\/users\/1"}],"replies":[{"embeddable":true,"href":"https:\/\/aderj.com.br\/index.php\/wp-json\/wp\/v2\/comments?post=7889"}],"version-history":[{"count":0,"href":"https:\/\/aderj.com.br\/index.php\/wp-json\/wp\/v2\/posts\/7889\/revisions"}],"wp:featuredmedia":[{"embeddable":true,"href":"https:\/\/aderj.com.br\/index.php\/wp-json\/wp\/v2\/media\/7891"}],"wp:attachment":[{"href":"https:\/\/aderj.com.br\/index.php\/wp-json\/wp\/v2\/media?parent=7889"}],"wp:term":[{"taxonomy":"category","embeddable":true,"href":"https:\/\/aderj.com.br\/index.php\/wp-json\/wp\/v2\/categories?post=7889"},{"taxonomy":"post_tag","embeddable":true,"href":"https:\/\/aderj.com.br\/index.php\/wp-json\/wp\/v2\/tags?post=7889"}],"curies":[{"name":"wp","href":"https:\/\/api.w.org\/{rel}","templated":true}]}}