{"id":7876,"date":"2023-12-21T12:30:17","date_gmt":"2023-12-21T15:30:17","guid":{"rendered":"https:\/\/aderj.com.br\/v1.0-teste2\/?post_type=publicacoes&#038;p=7876"},"modified":"2024-08-01T21:06:37","modified_gmt":"2024-08-02T00:06:37","slug":"lei-no-10-253-de-20-de-dezembro-de-2023","status":"publish","type":"post","link":"https:\/\/aderj.com.br\/index.php\/2023\/12\/21\/lei-no-10-253-de-20-de-dezembro-de-2023\/","title":{"rendered":"Lei N\u00ba 10.253 de 20 de dezembro de 2023."},"content":{"rendered":"<p><a href=\"https:\/\/aderj.com.br\/wp-content\/uploads\/2023\/12\/WhatsApp-Image-2023-12-21-at-11.05.22.jpeg\"><img fetchpriority=\"high\" decoding=\"async\" class=\"aligncenter wp-image-7877\" src=\"https:\/\/aderj.com.br\/wp-content\/uploads\/2023\/12\/WhatsApp-Image-2023-12-21-at-11.05.22-300x284.jpeg\" alt=\"\" width=\"420\" height=\"398\" \/><\/a><\/p>\n","protected":false},"excerpt":{"rendered":"<p>Sancionada pelo Governador do Estado do Rio de Janeiro, Cl\u00e1udio Castro, a Lei N\u00ba 10.253, de 20 de dezembro de 2023, que aumenta a al\u00edquota base do Imposto sobre Circula\u00e7\u00e3o de Mercadorias e Servi\u00e7os (ICMS) de 18% para 20%. O aumento entra em vigor no dia 1\u00b0 de abril de 2024.<\/p>\n","protected":false},"author":1,"featured_media":7880,"comment_status":"closed","ping_status":"closed","sticky":false,"template":"","format":"standard","meta":{"footnotes":""},"categories":[1],"tags":[],"class_list":["post-7876","post","type-post","status-publish","format-standard","has-post-thumbnail","hentry","category-blog"],"rttpg_featured_image_url":{"full":["https:\/\/aderj.com.br\/wp-content\/uploads\/2023\/12\/WhatsApp-Image-2023-12-21-at-13.22.08.jpeg",1500,1500,false],"landscape":["https:\/\/aderj.com.br\/wp-content\/uploads\/2023\/12\/WhatsApp-Image-2023-12-21-at-13.22.08.jpeg",1500,1500,false],"portraits":["https:\/\/aderj.com.br\/wp-content\/uploads\/2023\/12\/WhatsApp-Image-2023-12-21-at-13.22.08.jpeg",1500,1500,false],"thumbnail":["https:\/\/aderj.com.br\/wp-content\/uploads\/2023\/12\/WhatsApp-Image-2023-12-21-at-13.22.08-150x150.jpeg",150,150,true],"medium":["https:\/\/aderj.com.br\/wp-content\/uploads\/2023\/12\/WhatsApp-Image-2023-12-21-at-13.22.08-300x300.jpeg",300,300,true],"large":["https:\/\/aderj.com.br\/wp-content\/uploads\/2023\/12\/WhatsApp-Image-2023-12-21-at-13.22.08-1024x1024.jpeg",800,800,true],"1536x1536":["https:\/\/aderj.com.br\/wp-content\/uploads\/2023\/12\/WhatsApp-Image-2023-12-21-at-13.22.08.jpeg",1500,1500,false],"2048x2048":["https:\/\/aderj.com.br\/wp-content\/uploads\/2023\/12\/WhatsApp-Image-2023-12-21-at-13.22.08.jpeg",1500,1500,false]},"rttpg_author":{"display_name":"ADMIN","author_link":"https:\/\/aderj.com.br\/index.php\/author\/angrarj-com\/"},"rttpg_comment":0,"rttpg_category":"<a href=\"https:\/\/aderj.com.br\/index.php\/category\/blog\/\" rel=\"category tag\">Blog<\/a>","rttpg_excerpt":"Sancionada pelo Governador do Estado do Rio de Janeiro, Cl\u00e1udio Castro, a Lei N\u00ba 10.253, de 20 de dezembro de 2023, que aumenta a al\u00edquota base do Imposto sobre Circula\u00e7\u00e3o de Mercadorias e Servi\u00e7os (ICMS) de 18% para 20%. O aumento entra em vigor no dia 1\u00b0 de abril de 2024.","_links":{"self":[{"href":"https:\/\/aderj.com.br\/index.php\/wp-json\/wp\/v2\/posts\/7876","targetHints":{"allow":["GET"]}}],"collection":[{"href":"https:\/\/aderj.com.br\/index.php\/wp-json\/wp\/v2\/posts"}],"about":[{"href":"https:\/\/aderj.com.br\/index.php\/wp-json\/wp\/v2\/types\/post"}],"author":[{"embeddable":true,"href":"https:\/\/aderj.com.br\/index.php\/wp-json\/wp\/v2\/users\/1"}],"replies":[{"embeddable":true,"href":"https:\/\/aderj.com.br\/index.php\/wp-json\/wp\/v2\/comments?post=7876"}],"version-history":[{"count":1,"href":"https:\/\/aderj.com.br\/index.php\/wp-json\/wp\/v2\/posts\/7876\/revisions"}],"predecessor-version":[{"id":10860,"href":"https:\/\/aderj.com.br\/index.php\/wp-json\/wp\/v2\/posts\/7876\/revisions\/10860"}],"wp:featuredmedia":[{"embeddable":true,"href":"https:\/\/aderj.com.br\/index.php\/wp-json\/wp\/v2\/media\/7880"}],"wp:attachment":[{"href":"https:\/\/aderj.com.br\/index.php\/wp-json\/wp\/v2\/media?parent=7876"}],"wp:term":[{"taxonomy":"category","embeddable":true,"href":"https:\/\/aderj.com.br\/index.php\/wp-json\/wp\/v2\/categories?post=7876"},{"taxonomy":"post_tag","embeddable":true,"href":"https:\/\/aderj.com.br\/index.php\/wp-json\/wp\/v2\/tags?post=7876"}],"curies":[{"name":"wp","href":"https:\/\/api.w.org\/{rel}","templated":true}]}}