{"id":7096,"date":"2023-09-01T12:19:52","date_gmt":"2023-09-01T15:19:52","guid":{"rendered":"https:\/\/aderj.com.br\/v1.0-teste2\/?post_type=publicacoes&#038;p=7096"},"modified":"2024-08-01T21:21:41","modified_gmt":"2024-08-02T00:21:41","slug":"decreto-regulamentando-o-programa-de-viabilizacao-do-investimento-local-e-ampliado-pro-inv","status":"publish","type":"post","link":"https:\/\/aderj.com.br\/index.php\/2023\/09\/01\/decreto-regulamentando-o-programa-de-viabilizacao-do-investimento-local-e-ampliado-pro-inv\/","title":{"rendered":"Decreto regulamentando o Programa de Viabiliza\u00e7\u00e3o do Investimento Local e Ampliado (PRO-INV)"},"content":{"rendered":"<p>No dia <strong>30 de agosto de 2023<\/strong>, foi publicado o <strong>Decreto n\u00ba 48.662<\/strong>, por meio do qual o Governo do Estado do Rio de Janeiro regulamentou o <strong>Programa de Viabiliza\u00e7\u00e3o do Investimento Local e Ampliado (PRO-INV)<\/strong>, institu\u00eddo pela Lei Estadual n\u00ba 9.906, de 29 de novembro de 2022.<\/p>\n<p>O objetivo desse programa \u00e9 conceder cr\u00e9dito para o financiamento de projetos de investimento de <strong>\u201cassocia\u00e7\u00f5es, cooperativas, ind\u00fastrias, agroind\u00fastrias familiares, agricultores familiares, empreendimentos de economia solid\u00e1ria, empreendimentos econ\u00f4micos desenvolvidos em territ\u00f3rios de favela e demais \u00e1reas populares, pequenas e m\u00e9dias empresas, de gera\u00e7\u00e3o de energias sustent\u00e1veis, servi\u00e7os e com\u00e9rcio atacadista geradoras de emprego e renda\u201d<\/strong>.<\/p>\n<p>Verifica-se que, dentre as entidades alcan\u00e7adas pelo programa, est\u00e3o as associa\u00e7\u00f5es e as pequenas e m\u00e9dias empresas de com\u00e9rcio atacadista geradoras de emprego e renda.<\/p>\n<p>Caber\u00e1 ao Secret\u00e1rio de Desenvolvimento Econ\u00f4mico, Ind\u00fastria e Com\u00e9rcio e Servi\u00e7os apresentar proposta para delibera\u00e7\u00e3o da Comiss\u00e3o Permanente de Pol\u00edticas para o Desenvolvimento Econ\u00f4mico do Estado do Rio de Janeiro (CPPDE), estabelecendo os valores a serem destinados para cada setor apoiado pelo programa, bem como os crit\u00e9rios de elegibilidade do financiamento e do projeto apoiado.<\/p>\n<p>Os financiamentos dever\u00e3o obedecer \u00e0s seguintes condi\u00e7\u00f5es cumulativas: (i) limites financi\u00e1veis de 80% do valor total do projeto de investimento, j\u00e1 inclu\u00eddo at\u00e9 20% de capital de giro associado ao projeto; (ii) com prazos m\u00e1ximos de 24 meses de car\u00eancia e de 96 meses de amortiza\u00e7\u00e3o; (iii) taxa de juros de 2% ao ano; e (iv) garantias de 120%, em modalidade a ser aprovada pela Ag\u00eancia de Fomento do Estado do Rio de Janeiro (AgeRio), ou de 100% nos casos de fian\u00e7a prestada por banco de primeira linha.<\/p>\n<p>Para fazer jus ao financiamento, a empresa requerente dever\u00e1 apresentar \u00e0 AgeRio uma s\u00e9rie de documentos que comprovem sua regularidade fiscal, trabalhista e ambiental.<\/p>\n<p>A empresa tamb\u00e9m dever\u00e1 declarar que nem ela nem nenhum de seus s\u00f3cios tenham submetido trabalhadores a condi\u00e7\u00f5es an\u00e1logas \u00e0 escravid\u00e3o ou crian\u00e7as a trabalho infantil, que menores de 18 anos n\u00e3o s\u00e3o condicionados a trabalho noturno, perigoso ou insalubre nem menores de 16, a qualquer tipo de trabalho (com exce\u00e7\u00e3o de jovens aprendizes, a partir dos 14 anos).<\/p>\n<p>O benefici\u00e1rio do financiamento dever\u00e1 enviar semestralmente, a partir da assinatura do contrato de financiamento, relat\u00f3rio da situa\u00e7\u00e3o do empreendimento, especificando a aplica\u00e7\u00e3o dos recursos objeto do financiamento, acompanhado das demonstra\u00e7\u00f5es financeiras e demais informa\u00e7\u00f5es e documentos que venham a ser exigidos pela AgeRio.<\/p>\n<p>No contrato de financiamento, tamb\u00e9m dever\u00e1 conter cl\u00e1usula determinando o pagamento antecipado da d\u00edvida caso seja descumprida qualquer obriga\u00e7\u00e3o e, em especial, quando os recursos forem utilizados para fins diferentes dos previstos no projeto financiado. Esse pagamento antecipado se dar\u00e1 com multa de 10% sobre o saldo devedor, com juros morat\u00f3rios de 12% ao ano, al\u00e9m de corre\u00e7\u00e3o monet\u00e1ria pelo IPCA.<\/p>\n<p>Para maiores esclarecimentos, colocamo-nos \u00e0 disposi\u00e7\u00e3o por meio do e-mail assessoriatributaria@aderj.com.br.<\/p>\n<p><a href=\"https:\/\/aderj.com.br\/v1.0-teste2\/wp-content\/uploads\/2023\/09\/DECRETO-N\u00ba-48.662-DE-29-DE-AGOSTO-DE-2023.pdf\"><span style=\"font-size: 20px;\">Clique aqui e leia o Decreto n\u00ba 48.662 de 29 de agosto de 2023 na \u00edntrega.<\/span>\u00a0<\/a><\/p>\n","protected":false},"excerpt":{"rendered":"<p>O objetivo desse programa \u00e9 conceder cr\u00e9dito para o financiamento de projetos de investimento de \u201cassocia\u00e7\u00f5es, cooperativas, ind\u00fastrias, servi\u00e7os e com\u00e9rcio atacadista geradoras de emprego e renda, entre outros&#8221;.<\/p>\n","protected":false},"author":1,"featured_media":7097,"comment_status":"closed","ping_status":"closed","sticky":false,"template":"","format":"standard","meta":{"footnotes":""},"categories":[1],"tags":[],"class_list":["post-7096","post","type-post","status-publish","format-standard","has-post-thumbnail","hentry","category-blog"],"rttpg_featured_image_url":{"full":["https:\/\/aderj.com.br\/wp-content\/uploads\/2023\/09\/WhatsApp-Image-2023-09-01-at-12.03.07.jpeg",1500,1500,false],"landscape":["https:\/\/aderj.com.br\/wp-content\/uploads\/2023\/09\/WhatsApp-Image-2023-09-01-at-12.03.07.jpeg",1500,1500,false],"portraits":["https:\/\/aderj.com.br\/wp-content\/uploads\/2023\/09\/WhatsApp-Image-2023-09-01-at-12.03.07.jpeg",1500,1500,false],"thumbnail":["https:\/\/aderj.com.br\/wp-content\/uploads\/2023\/09\/WhatsApp-Image-2023-09-01-at-12.03.07-150x150.jpeg",150,150,true],"medium":["https:\/\/aderj.com.br\/wp-content\/uploads\/2023\/09\/WhatsApp-Image-2023-09-01-at-12.03.07-300x300.jpeg",300,300,true],"large":["https:\/\/aderj.com.br\/wp-content\/uploads\/2023\/09\/WhatsApp-Image-2023-09-01-at-12.03.07-1024x1024.jpeg",800,800,true],"1536x1536":["https:\/\/aderj.com.br\/wp-content\/uploads\/2023\/09\/WhatsApp-Image-2023-09-01-at-12.03.07.jpeg",1500,1500,false],"2048x2048":["https:\/\/aderj.com.br\/wp-content\/uploads\/2023\/09\/WhatsApp-Image-2023-09-01-at-12.03.07.jpeg",1500,1500,false]},"rttpg_author":{"display_name":"ADMIN","author_link":"https:\/\/aderj.com.br\/index.php\/author\/angrarj-com\/"},"rttpg_comment":0,"rttpg_category":"<a href=\"https:\/\/aderj.com.br\/index.php\/category\/blog\/\" rel=\"category tag\">Blog<\/a>","rttpg_excerpt":"O objetivo desse programa \u00e9 conceder cr\u00e9dito para o financiamento de projetos de investimento de \u201cassocia\u00e7\u00f5es, cooperativas, ind\u00fastrias, servi\u00e7os e com\u00e9rcio atacadista geradoras de emprego e renda, entre outros\".","_links":{"self":[{"href":"https:\/\/aderj.com.br\/index.php\/wp-json\/wp\/v2\/posts\/7096","targetHints":{"allow":["GET"]}}],"collection":[{"href":"https:\/\/aderj.com.br\/index.php\/wp-json\/wp\/v2\/posts"}],"about":[{"href":"https:\/\/aderj.com.br\/index.php\/wp-json\/wp\/v2\/types\/post"}],"author":[{"embeddable":true,"href":"https:\/\/aderj.com.br\/index.php\/wp-json\/wp\/v2\/users\/1"}],"replies":[{"embeddable":true,"href":"https:\/\/aderj.com.br\/index.php\/wp-json\/wp\/v2\/comments?post=7096"}],"version-history":[{"count":1,"href":"https:\/\/aderj.com.br\/index.php\/wp-json\/wp\/v2\/posts\/7096\/revisions"}],"predecessor-version":[{"id":10888,"href":"https:\/\/aderj.com.br\/index.php\/wp-json\/wp\/v2\/posts\/7096\/revisions\/10888"}],"wp:featuredmedia":[{"embeddable":true,"href":"https:\/\/aderj.com.br\/index.php\/wp-json\/wp\/v2\/media\/7097"}],"wp:attachment":[{"href":"https:\/\/aderj.com.br\/index.php\/wp-json\/wp\/v2\/media?parent=7096"}],"wp:term":[{"taxonomy":"category","embeddable":true,"href":"https:\/\/aderj.com.br\/index.php\/wp-json\/wp\/v2\/categories?post=7096"},{"taxonomy":"post_tag","embeddable":true,"href":"https:\/\/aderj.com.br\/index.php\/wp-json\/wp\/v2\/tags?post=7096"}],"curies":[{"name":"wp","href":"https:\/\/api.w.org\/{rel}","templated":true}]}}