{"id":7085,"date":"2023-08-21T15:54:18","date_gmt":"2023-08-21T18:54:18","guid":{"rendered":"https:\/\/aderj.com.br\/v1.0-teste2\/?post_type=publicacoes&#038;p=7085"},"modified":"2024-08-01T21:21:41","modified_gmt":"2024-08-02T00:21:41","slug":"lei-no-9-428-21-suspensao-da-substituicao-tributaria","status":"publish","type":"post","link":"https:\/\/aderj.com.br\/index.php\/2023\/08\/21\/lei-no-9-428-21-suspensao-da-substituicao-tributaria\/","title":{"rendered":"Lei N\u00ba 9.428\/21 &#8211; Suspens\u00e3o da Substitui\u00e7\u00e3o Tribut\u00e1ria"},"content":{"rendered":"<p>De acordo com a Lei Estadual n\u00ba 9.428\/21, regulamentada pelo Decreto n\u00ba 48.039\/22, a partir do dia 01.06.2022 foi suspensa, para algumas mercadorias, a aplica\u00e7\u00e3o do regime de substitui\u00e7\u00e3o tribut\u00e1ria.<\/p>\n<p>Nos termos da legisla\u00e7\u00e3o citada, a suspens\u00e3o passa a vigorar para as mercadorias listadas nos itens 03, 39, 40 e 72 do Anexo da Lei n\u00ba 2657\/96, aplicando-se especificamente \u00e0s opera\u00e7\u00f5es internas com\u00a0<em>\u201c\u00e1gua mineral ou pot\u00e1vel envasada, leite, latic\u00ednios e correlatos, vinhos, vinhos espumosos nacionais, espumantes, filtrados doces, sangria, sidras, cavas, champagnes, proseccos, cacha\u00e7a, aguardente e outras bebidas destiladas ou fermentadas,\u00a0<u>quando produzidos por cacha\u00e7arias, alambiques ou por estabelecimentos industriais localizados no Estado do Rio de Janeiro\u201d.<\/u><\/em><\/p>\n<p>O dispositivo foi inicialmente regulamentado pelo Decreto n\u00ba 48.039\/22 que estendeu a suspens\u00e3o da aplica\u00e7\u00e3o do regime de substitui\u00e7\u00e3o tribut\u00e1ria a todas as opera\u00e7\u00f5es com as mercadorias citadas na Lei n\u00ba 9.428\/21 fossem elas sejam eles produzidos no Estado do Rio de Janeiro\u00a0<strong><u>ou n\u00e3o.<\/u><\/strong><\/p>\n<p>No entanto, a constitucionalidade do Decreto n\u00ba 48.039\/22 foi questionada pela ADERJ Associa\u00e7\u00e3o de Atacadistas e Distribuidores do Estado do Rio de Janeiro mediante processo judicial n\u00ba 0052635-84.2022.8.19.0000.<\/p>\n<p>Foi alegado pela Representante que, enquanto a Lei n\u00ba 9.428\/21 prev\u00ea a suspens\u00e3o do ICMS-ST para as opera\u00e7\u00f5es com as aludidas mercadorias quando produzidas por cacha\u00e7arias, alambiques ou por estabelecimentos industriais localizados no Estado do Rio de Janeiro; o Decreto Executivo n\u00ba 48.039\/22 teria ampliado a suspens\u00e3o do ICMS-ST para a circula\u00e7\u00e3o de mercadorias que s\u00e3o produzidas em outros Estados da Federa\u00e7\u00e3o, o que, segundo a requerente, teria exorbitado os limites regulamentares ao incluir a express\u00e3o &#8220;ou n\u00e3o&#8221;, na parte final do art. 1\u00ba. Tal argumento foi acolhido pelo ac\u00f3rd\u00e3o de fls. 297\/309 do processo judicial n\u00ba 0052635-84.2022.8.19.0000, que julgou parcialmente procedente o pedido contido na presente representa\u00e7\u00e3o para declarar a inconstitucionalidade da express\u00e3o \u201cou n\u00e3o\u201d do artigo 1\u00ba do Decreto n\u00ba 48.039\/22 do Estado do Rio de Janeiro.<\/p>\n<p>Dessa forma, em cumprimento do disposto no ac\u00f3rd\u00e3o supramencionado, integrado pelo de fls. 344\/349 do mesmo processo, em que se afirmou a inconstitucionalidade da express\u00e3o \u201cou n\u00e3o\u201d do artigo 1\u00ba do Decreto n\u00ba 48.039\/22 do Estado do Rio de Janeiro,\u00a0<strong><u>est\u00e1 suspenso o regime da substitui\u00e7\u00e3o tribut\u00e1ria, exclusivamente, para as mercadorias produzidas no estado. Para mercadorias produzidas em outros estados ou importadas aplica-se o regime de substitui\u00e7\u00e3o tribut\u00e1ria<\/u><\/strong>.<\/p>\n<p>Com a suspens\u00e3o da aplicabilidade do regime de substitui\u00e7\u00e3o tribut\u00e1ria para as mercadorias produzidas no Estado, retorna a aplica\u00e7\u00e3o do regime de compensa\u00e7\u00e3o em todas as etapas das opera\u00e7\u00f5es internas da mercadoria, de acordo com o confronto entre d\u00e9bitos e cr\u00e9ditos, sem preju\u00edzo da incid\u00eancia do imposto estadual na importa\u00e7\u00e3o de bens.<\/p>\n<h3>Procedimentos<\/h3>\n<p>Considerando que, nos termos da manifesta\u00e7\u00e3o da PGE, a vig\u00eancia da decis\u00e3o relativa \u00e0 inconstitucionalidade de parte do Decreto n\u00ba 48.039\/22 teve in\u00edcio em 29\/06\/23, data em que foi intimada da decis\u00e3o judicial, os contribuintes devem adotar os procedimentos da Resolu\u00e7\u00e3o SEFAZ n\u00ba 537\/12, conforme o caso,\u00a0<strong><u>em rela\u00e7\u00e3o \u00e0s mercadorias produzidas em outras unidades federadas e \u00e0s importadas.<\/u><\/strong><\/p>\n<h3>Mercadorias englobadas pela suspens\u00e3o<\/h3>\n<p>Nos termos do art. 1\u00ba da Lei 9.428\/21, que incluiu o inciso I do par\u00e1grafo \u00fanico ao art. 22 da Lei 2.657, de 26 de dezembro de 1996, a suspens\u00e3o do regime n\u00e3o \u00e9 aplic\u00e1vel \u00e0 todas as mercadorias listadas nos n\u00fameros 03, 39, 40 e 72 do anexo, mas apenas para as mercadorias inclu\u00eddas nos seguintes subitens do Anexo I do Livro II do Regulamento do ICMS, aprovado pelo Decreto n\u00ba 27427\/2000, abaixo indicadas,\u00a0<strong><u>quando fabricadas no Estado do Rio de Janeiro.<\/u><\/strong><\/p>\n<div>\n<table border=\"1\" cellspacing=\"0\" cellpadding=\"0\">\n<tbody>\n<tr>\n<td>\n<p align=\"center\"><strong>Itens do anexo I do Livro II do RICMS<\/strong><\/p>\n<\/td>\n<td>\n<p align=\"center\"><strong>Mercadorias<\/strong><\/p>\n<\/td>\n<\/tr>\n<tr>\n<td>\n<p align=\"center\">1<\/p>\n<\/td>\n<td>\n<p align=\"center\">\u00c1GUA MINERAL (GASOSA OU N\u00c3O), NATURAL OU POT\u00c1VEL ENVASADA, subitens 1.1 a 1.9<\/p>\n<\/td>\n<\/tr>\n<tr>\n<td>\n<p align=\"center\">23<\/p>\n<\/td>\n<td>\n<p align=\"center\">LEITE, subitens 23.3.1 e 23.3.5<\/p>\n<\/td>\n<\/tr>\n<tr>\n<td>\n<p align=\"center\">23<\/p>\n<\/td>\n<td>\n<p align=\"center\">LATIC\u00cdNIOS E CORRELATOS, subitens 23.3.6 a 23.3.10<\/p>\n<\/td>\n<\/tr>\n<tr>\n<td>\n<p align=\"center\">29<\/p>\n<\/td>\n<td>\n<p align=\"center\">VINHO, VERMUTE, AGUARDENTE, LICOR, U\u00cdSQUE E OUTRAS BEBIDAS DESTILADAS OU FERMENTADAS, item 29<\/p>\n<\/td>\n<\/tr>\n<\/tbody>\n<\/table>\n<\/div>\n<p>&nbsp;<\/p>\n<p>OBS 1: No que se refere ao subitem 1.11, a suspens\u00e3o se aplica apenas \u00e0s<em>\u00a0\u201c<\/em>outras \u00e1guas minerais, gasosa ou n\u00e3o, ou pot\u00e1vel, naturais, inclusive gaseificadas\u201d, mantendo-se o regime de substitui\u00e7\u00e3o tribut\u00e1ria para as \u201c\u00e1guas aromatizadas artificialmente\u201d .<\/p>\n<p>OBS 2: Incluem-se como correlatos aos latic\u00ednios as mercadorias como leite em p\u00f3, creme de leite em embalagem longa vida ou em lata e leite condensado. Os produtos inclu\u00eddos no item 23 n\u00e3o derivados de leite continuam sujeitos \u00e0 substitui\u00e7\u00e3o.<\/p>\n<p>OBS 3: Em rela\u00e7\u00e3o \u00e0s bebidas fermentadas deve ser observado que cervejas e chopes est\u00e3o relacionados no n\u00famero 19 do anexo \u00fanico da Lei 2.657\/96, permanecendo assim sujeitas ao regime de reten\u00e7\u00e3o antecipada do ICMS.<\/p>\n<p><span style=\"font-size: 20px;\"><strong>Fonte:<\/strong><\/span>\u00a0<a href=\"http:\/\/www.fazenda.rj.gov.br\/sefaz\/faces\/menu_structure\/servicos\/navigationContribuinte\/conluna1\/menu_servico_icms\/ICMS-MaisOpcoes;jsessionid=5HgY5VoTGQgTfCzw6H4FXbVnwqHHqAp9S6rSG0c2nkCyD5wP9DD2!-133376427?datasource=UCMServer%23dDocName%3AWCC42000032256&amp;_adf.ctrl-state=18l85msfic_1&amp;_afrLoop=96162104677819708&amp;_afrWindowMode=0&amp;_afrWindowId=null\">http:\/\/www.fazenda.rj.gov.br\/sefaz\/faces\/menu_structure\/servicos\/navigationContribuinte\/conluna1\/menu_servico_icms\/ICMS-MaisOpcoes;jsessionid=5HgY5VoTGQgTfCzw6H4FXbVnwqHHqAp9S6rSG0c2nkCyD5wP9DD2!-133376427?datasource=UCMServer%23dDocName%3AWCC42000032256&amp;_adf.ctrl-state=18l85msfic_1&amp;_afrLoop=96162104677819708&amp;_afrWindowMode=0&amp;_afrWindowId=null<\/a><\/p>\n","protected":false},"excerpt":{"rendered":"<p>Em cumprimento do disposto no ac\u00f3rd\u00e3o supramencionado, integrado pelo de fls. 344\/349 do processo judicial n\u00ba 0052635-84.2022.8.19.0000, em que se afirmou a inconstitucionalidade da express\u00e3o \u201cou n\u00e3o\u201d do artigo 1\u00ba do Decreto n\u00ba 48.039\/22 do Estado do Rio de Janeiro, est\u00e1 suspenso o regime da substitui\u00e7\u00e3o tribut\u00e1ria, exclusivamente, para as mercadorias produzidas no estado. Para mercadorias produzidas em outros estados ou importadas aplica-se o regime de substitui\u00e7\u00e3o tribut\u00e1ria.<\/p>\n","protected":false},"author":1,"featured_media":7087,"comment_status":"closed","ping_status":"closed","sticky":false,"template":"","format":"standard","meta":{"footnotes":""},"categories":[1],"tags":[],"class_list":["post-7085","post","type-post","status-publish","format-standard","has-post-thumbnail","hentry","category-blog"],"rttpg_featured_image_url":{"full":["https:\/\/aderj.com.br\/wp-content\/uploads\/2023\/08\/WhatsApp-Image-2023-08-21-at-15.03.47.jpeg",1500,1500,false],"landscape":["https:\/\/aderj.com.br\/wp-content\/uploads\/2023\/08\/WhatsApp-Image-2023-08-21-at-15.03.47.jpeg",1500,1500,false],"portraits":["https:\/\/aderj.com.br\/wp-content\/uploads\/2023\/08\/WhatsApp-Image-2023-08-21-at-15.03.47.jpeg",1500,1500,false],"thumbnail":["https:\/\/aderj.com.br\/wp-content\/uploads\/2023\/08\/WhatsApp-Image-2023-08-21-at-15.03.47-150x150.jpeg",150,150,true],"medium":["https:\/\/aderj.com.br\/wp-content\/uploads\/2023\/08\/WhatsApp-Image-2023-08-21-at-15.03.47-300x300.jpeg",300,300,true],"large":["https:\/\/aderj.com.br\/wp-content\/uploads\/2023\/08\/WhatsApp-Image-2023-08-21-at-15.03.47-1024x1024.jpeg",800,800,true],"1536x1536":["https:\/\/aderj.com.br\/wp-content\/uploads\/2023\/08\/WhatsApp-Image-2023-08-21-at-15.03.47.jpeg",1500,1500,false],"2048x2048":["https:\/\/aderj.com.br\/wp-content\/uploads\/2023\/08\/WhatsApp-Image-2023-08-21-at-15.03.47.jpeg",1500,1500,false]},"rttpg_author":{"display_name":"ADMIN","author_link":"https:\/\/aderj.com.br\/index.php\/author\/angrarj-com\/"},"rttpg_comment":0,"rttpg_category":"<a href=\"https:\/\/aderj.com.br\/index.php\/category\/blog\/\" rel=\"category tag\">Blog<\/a>","rttpg_excerpt":"Em cumprimento do disposto no ac\u00f3rd\u00e3o supramencionado, integrado pelo de fls. 344\/349 do processo judicial n\u00ba 0052635-84.2022.8.19.0000, em que se afirmou a inconstitucionalidade da express\u00e3o \u201cou n\u00e3o\u201d do artigo 1\u00ba do Decreto n\u00ba 48.039\/22 do Estado do Rio de Janeiro, est\u00e1 suspenso o regime da substitui\u00e7\u00e3o tribut\u00e1ria, exclusivamente, para as mercadorias produzidas no estado. Para&hellip;","_links":{"self":[{"href":"https:\/\/aderj.com.br\/index.php\/wp-json\/wp\/v2\/posts\/7085","targetHints":{"allow":["GET"]}}],"collection":[{"href":"https:\/\/aderj.com.br\/index.php\/wp-json\/wp\/v2\/posts"}],"about":[{"href":"https:\/\/aderj.com.br\/index.php\/wp-json\/wp\/v2\/types\/post"}],"author":[{"embeddable":true,"href":"https:\/\/aderj.com.br\/index.php\/wp-json\/wp\/v2\/users\/1"}],"replies":[{"embeddable":true,"href":"https:\/\/aderj.com.br\/index.php\/wp-json\/wp\/v2\/comments?post=7085"}],"version-history":[{"count":1,"href":"https:\/\/aderj.com.br\/index.php\/wp-json\/wp\/v2\/posts\/7085\/revisions"}],"predecessor-version":[{"id":10892,"href":"https:\/\/aderj.com.br\/index.php\/wp-json\/wp\/v2\/posts\/7085\/revisions\/10892"}],"wp:featuredmedia":[{"embeddable":true,"href":"https:\/\/aderj.com.br\/index.php\/wp-json\/wp\/v2\/media\/7087"}],"wp:attachment":[{"href":"https:\/\/aderj.com.br\/index.php\/wp-json\/wp\/v2\/media?parent=7085"}],"wp:term":[{"taxonomy":"category","embeddable":true,"href":"https:\/\/aderj.com.br\/index.php\/wp-json\/wp\/v2\/categories?post=7085"},{"taxonomy":"post_tag","embeddable":true,"href":"https:\/\/aderj.com.br\/index.php\/wp-json\/wp\/v2\/tags?post=7085"}],"curies":[{"name":"wp","href":"https:\/\/api.w.org\/{rel}","templated":true}]}}