{"id":7080,"date":"2023-07-26T15:56:53","date_gmt":"2023-07-26T18:56:53","guid":{"rendered":"https:\/\/aderj.com.br\/v1.0-teste2\/?post_type=publicacoes&#038;p=7080"},"modified":"2024-08-01T21:21:41","modified_gmt":"2024-08-02T00:21:41","slug":"portaria-sser-no-329-de-24-de-julho-de-2023","status":"publish","type":"post","link":"https:\/\/aderj.com.br\/index.php\/2023\/07\/26\/portaria-sser-no-329-de-24-de-julho-de-2023\/","title":{"rendered":"PORTARIA SSER N\u00ba 329 DE 24 DE JULHO DE 2023"},"content":{"rendered":"<p>O SUBSECRET\u00c1RIO DE ESTADO DE RECEITA, no uso de suas atribui\u00e7\u00f5es legais e, tendo em vista o disposto no artigo 1\u00ba da Resolu\u00e7\u00e3o SEFAZ 358\/2018 e no Processo n\u00ba SEI 040044\/000182\/2023.<\/p>\n<p>R E S O LV E :<\/p>\n<p>Art. 1\u00ba &#8211; Nas opera\u00e7\u00f5es com as mercadorias listadas no Anexo \u00danico desta Portaria, o contribuinte substituto deve calcular e recolher o ICMS devido por substitui\u00e7\u00e3o tribut\u00e1ria, mediante a aplica\u00e7\u00e3o da al\u00edquota correspondente diretamente sobre o pre\u00e7o m\u00e9dio ponderado final (PMPF), constante do referido Anexo, em conformidade com o disposto nos \u00a7\u00a7 7\u00ba e 10 do artigo 24 da Lei Estadual no 2.657, de 26 de dezembro de 1996, no \u00a7 6\u00ba, do artigo 5\u00ba, do Livro II, do Decreto 27.427 de 17 de novembro de 2000, no item 29 do Anexo I, do Livro II do RICMS\/00 e na Resolu\u00e7\u00e3o 358 de 13 de dezembro de 2018.<\/p>\n<p>Art. 2\u00ba &#8211; O Anexo \u00danico desta Portaria substitui o Anexo \u00danico da Portaria SSER 214\/2020, em conformidade ao artigo 7\u00ba da Resolu\u00e7\u00e3o SEFAZ 358\/2018.<\/p>\n<p>Art. 3\u00ba &#8211; Esta Portaria entra em vigor na data de sua publica\u00e7\u00e3o, produzindo efeitos a partir de 01 de agosto de 2023.<\/p>\n<p style=\"text-align: center;\">Rio de Janeiro, 24 de julho de 2023<br \/>\nADILSON ZEGUR<br \/>\nSubsecret\u00e1rio de Estado de Receita<\/p>\n<p>&nbsp;<\/p>\n<p><span style=\"font-size: 24px;\"><a href=\"https:\/\/aderj.com.br\/v1.0-teste2\/wp-content\/uploads\/2023\/07\/PAUTA-DE-BEBIDAS-26-07-23_.pdf\" target=\"_blank\" rel=\"noopener\">Clique aqui e veja a Portaria na \u00edntegra.<\/a><\/span><\/p>\n","protected":false},"excerpt":{"rendered":"<p>Disp\u00f5e sobre a base de c\u00e1lculo da substitui\u00e7\u00e3o tribut\u00e1ria do<br \/>\nicms nas opera\u00e7\u00f5es com bebidas alco\u00f3licas, exceto cerveja e<br \/>\nchope.<\/p>\n","protected":false},"author":1,"featured_media":0,"comment_status":"closed","ping_status":"closed","sticky":false,"template":"","format":"standard","meta":{"footnotes":""},"categories":[1],"tags":[],"class_list":["post-7080","post","type-post","status-publish","format-standard","hentry","category-blog"],"rttpg_featured_image_url":null,"rttpg_author":{"display_name":"ADMIN","author_link":"https:\/\/aderj.com.br\/index.php\/author\/angrarj-com\/"},"rttpg_comment":0,"rttpg_category":"<a href=\"https:\/\/aderj.com.br\/index.php\/category\/blog\/\" rel=\"category tag\">Blog<\/a>","rttpg_excerpt":"Disp\u00f5e sobre a base de c\u00e1lculo da substitui\u00e7\u00e3o tribut\u00e1ria do icms nas opera\u00e7\u00f5es com bebidas alco\u00f3licas, exceto cerveja e chope.","_links":{"self":[{"href":"https:\/\/aderj.com.br\/index.php\/wp-json\/wp\/v2\/posts\/7080","targetHints":{"allow":["GET"]}}],"collection":[{"href":"https:\/\/aderj.com.br\/index.php\/wp-json\/wp\/v2\/posts"}],"about":[{"href":"https:\/\/aderj.com.br\/index.php\/wp-json\/wp\/v2\/types\/post"}],"author":[{"embeddable":true,"href":"https:\/\/aderj.com.br\/index.php\/wp-json\/wp\/v2\/users\/1"}],"replies":[{"embeddable":true,"href":"https:\/\/aderj.com.br\/index.php\/wp-json\/wp\/v2\/comments?post=7080"}],"version-history":[{"count":1,"href":"https:\/\/aderj.com.br\/index.php\/wp-json\/wp\/v2\/posts\/7080\/revisions"}],"predecessor-version":[{"id":10895,"href":"https:\/\/aderj.com.br\/index.php\/wp-json\/wp\/v2\/posts\/7080\/revisions\/10895"}],"wp:attachment":[{"href":"https:\/\/aderj.com.br\/index.php\/wp-json\/wp\/v2\/media?parent=7080"}],"wp:term":[{"taxonomy":"category","embeddable":true,"href":"https:\/\/aderj.com.br\/index.php\/wp-json\/wp\/v2\/categories?post=7080"},{"taxonomy":"post_tag","embeddable":true,"href":"https:\/\/aderj.com.br\/index.php\/wp-json\/wp\/v2\/tags?post=7080"}],"curies":[{"name":"wp","href":"https:\/\/api.w.org\/{rel}","templated":true}]}}