{"id":7051,"date":"2023-05-26T16:20:36","date_gmt":"2023-05-26T19:20:36","guid":{"rendered":"https:\/\/aderj.com.br\/v1.0-teste2\/?post_type=publicacoes&#038;p=7051"},"modified":"2024-08-01T21:27:07","modified_gmt":"2024-08-02T00:27:07","slug":"aderj-aniversario-37-anos","status":"publish","type":"post","link":"https:\/\/aderj.com.br\/index.php\/2023\/05\/26\/aderj-aniversario-37-anos\/","title":{"rendered":"ADERJ celebra seus 37 anos em evento na Barra da Tijuca"},"content":{"rendered":"<p>No dia 24 de Maio, na Churrascaria Rio Brasa, a ADERJ \u2013 Associa\u00e7\u00e3o de Atacadistas e Distribuidores do Estado do Rio de Janeiro, celebrou seus 37 anos de exist\u00eancia. Ocorrida durante o evento ADERJ Faz Amigos, contou com a presen\u00e7a de membros da diretoria, associadas, parceiros, autoridades e presidentes de outras entidades.<\/p>\n<p>Entre os convidados, fomos privilegiados pelo comparecimento de Eliseu Kessler, vereador do Estado do Rio de Janeiro, e o Dr. Rafael Copolillo, assessor parlamentar que representou o deputado estadual Rosenverg Reis, em uma noite de confraterniza\u00e7\u00e3o e gratid\u00e3o.<\/p>\n<p>Tamb\u00e9m tivemos a presen\u00e7a de parceiras associadas divulgando suas a\u00e7\u00f5es. Leonardo Fontes, gerente comercial da Sankhya Tecnologia e Inova\u00e7\u00e3o, falou sobre o trabalho da empresa em frente a Gest\u00e3o de Neg\u00f3cios com Tecnologia da Informa\u00e7\u00e3o. Roberto Batista Cintra Filho, Gerente de Rela\u00e7\u00f5es Institucionais da Sicoob Coopemata, mostrou as diferentes a\u00e7\u00f5es empresariais e institucionais da empresa, que trabalha com cooperativa de cr\u00e9dito.<\/p>\n<p>Veja a galeria completa de imagens do evento <a href=\"https:\/\/aderj.com.br\/v1.0-teste2\/aderj-37-anos\/\">aqui<\/a>.<\/p>\n","protected":false},"excerpt":{"rendered":"<p>A ADERJ \u2013 Associa\u00e7\u00e3o de Atacadistas e Distribuidores do Estado do Rio de Janeiro comemora 37 anos de exist\u00eancia em evento na churrascaria Rio Brasa, na barra da Tijuca.<\/p>\n","protected":false},"author":1,"featured_media":7049,"comment_status":"closed","ping_status":"closed","sticky":false,"template":"","format":"standard","meta":{"footnotes":""},"categories":[1],"tags":[],"class_list":["post-7051","post","type-post","status-publish","format-standard","has-post-thumbnail","hentry","category-blog"],"rttpg_featured_image_url":{"full":["https:\/\/aderj.com.br\/wp-content\/uploads\/2023\/05\/ADERJ37-10.png",1080,1080,false],"landscape":["https:\/\/aderj.com.br\/wp-content\/uploads\/2023\/05\/ADERJ37-10.png",1080,1080,false],"portraits":["https:\/\/aderj.com.br\/wp-content\/uploads\/2023\/05\/ADERJ37-10.png",1080,1080,false],"thumbnail":["https:\/\/aderj.com.br\/wp-content\/uploads\/2023\/05\/ADERJ37-10-150x150.png",150,150,true],"medium":["https:\/\/aderj.com.br\/wp-content\/uploads\/2023\/05\/ADERJ37-10-300x300.png",300,300,true],"large":["https:\/\/aderj.com.br\/wp-content\/uploads\/2023\/05\/ADERJ37-10-1024x1024.png",800,800,true],"1536x1536":["https:\/\/aderj.com.br\/wp-content\/uploads\/2023\/05\/ADERJ37-10.png",1080,1080,false],"2048x2048":["https:\/\/aderj.com.br\/wp-content\/uploads\/2023\/05\/ADERJ37-10.png",1080,1080,false]},"rttpg_author":{"display_name":"ADMIN","author_link":"https:\/\/aderj.com.br\/index.php\/author\/angrarj-com\/"},"rttpg_comment":0,"rttpg_category":"<a href=\"https:\/\/aderj.com.br\/index.php\/category\/blog\/\" rel=\"category tag\">Blog<\/a>","rttpg_excerpt":"A ADERJ \u2013 Associa\u00e7\u00e3o de Atacadistas e Distribuidores do Estado do Rio de Janeiro comemora 37 anos de exist\u00eancia em evento na churrascaria Rio Brasa, na barra da Tijuca.","_links":{"self":[{"href":"https:\/\/aderj.com.br\/index.php\/wp-json\/wp\/v2\/posts\/7051","targetHints":{"allow":["GET"]}}],"collection":[{"href":"https:\/\/aderj.com.br\/index.php\/wp-json\/wp\/v2\/posts"}],"about":[{"href":"https:\/\/aderj.com.br\/index.php\/wp-json\/wp\/v2\/types\/post"}],"author":[{"embeddable":true,"href":"https:\/\/aderj.com.br\/index.php\/wp-json\/wp\/v2\/users\/1"}],"replies":[{"embeddable":true,"href":"https:\/\/aderj.com.br\/index.php\/wp-json\/wp\/v2\/comments?post=7051"}],"version-history":[{"count":1,"href":"https:\/\/aderj.com.br\/index.php\/wp-json\/wp\/v2\/posts\/7051\/revisions"}],"predecessor-version":[{"id":10911,"href":"https:\/\/aderj.com.br\/index.php\/wp-json\/wp\/v2\/posts\/7051\/revisions\/10911"}],"wp:featuredmedia":[{"embeddable":true,"href":"https:\/\/aderj.com.br\/index.php\/wp-json\/wp\/v2\/media\/7049"}],"wp:attachment":[{"href":"https:\/\/aderj.com.br\/index.php\/wp-json\/wp\/v2\/media?parent=7051"}],"wp:term":[{"taxonomy":"category","embeddable":true,"href":"https:\/\/aderj.com.br\/index.php\/wp-json\/wp\/v2\/categories?post=7051"},{"taxonomy":"post_tag","embeddable":true,"href":"https:\/\/aderj.com.br\/index.php\/wp-json\/wp\/v2\/tags?post=7051"}],"curies":[{"name":"wp","href":"https:\/\/api.w.org\/{rel}","templated":true}]}}