{"id":6858,"date":"2023-04-17T11:18:11","date_gmt":"2023-04-17T14:18:11","guid":{"rendered":"https:\/\/aderj.com.br\/v1.0-teste2\/?post_type=publicacoes&#038;p=6858"},"modified":"2024-08-01T21:27:07","modified_gmt":"2024-08-02T00:27:07","slug":"posicionamento-sobre-mp-no1-159-2023","status":"publish","type":"post","link":"https:\/\/aderj.com.br\/index.php\/2023\/04\/17\/posicionamento-sobre-mp-no1-159-2023\/","title":{"rendered":"Posicionamento sobre MP n\u00ba1.159\/2023"},"content":{"rendered":"<p>A Medida Provis\u00f3ria 1.159\/2023 alterou a Lei n\u00ba 10.637, de 30 de dezembro de 2002, e a Lei n\u00ba 10.833, de 29 de dezembro de 2003, para excluir o Imposto sobre Opera\u00e7\u00f5es relativas \u00e0 Circula\u00e7\u00e3o de Mercadorias e sobre Presta\u00e7\u00f5es de Servi\u00e7os de Transporte Interestadual e Intermunicipal e de Comunica\u00e7\u00e3o &#8211; ICMS da incid\u00eancia e da base de c\u00e1lculo dos cr\u00e9ditos da Contribui\u00e7\u00e3o para o Programa de Integra\u00e7\u00e3o Social e o Programa de Forma\u00e7\u00e3o do Patrim\u00f4nio do Servidor P\u00fablico &#8211; PIS\/Pasep e da Contribui\u00e7\u00e3o para o Financiamento da Seguridade Social &#8211; Cofins.<\/p>\n<p><a href=\"https:\/\/aderj.com.br\/v1.0-teste2\/wp-content\/uploads\/2023\/04\/17-04-UNECS-ATA.jpg\"><img fetchpriority=\"high\" decoding=\"async\" class=\"aligncenter wp-image-6860\" src=\"https:\/\/aderj.com.br\/v1.0-teste2\/wp-content\/uploads\/2023\/04\/17-04-UNECS-ATA-300x300.jpg\" alt=\"\" width=\"621\" height=\"621\" srcset=\"https:\/\/aderj.com.br\/wp-content\/uploads\/2023\/04\/17-04-UNECS-ATA-300x300.jpg 300w, https:\/\/aderj.com.br\/wp-content\/uploads\/2023\/04\/17-04-UNECS-ATA-1024x1024.jpg 1024w, https:\/\/aderj.com.br\/wp-content\/uploads\/2023\/04\/17-04-UNECS-ATA-150x150.jpg 150w, https:\/\/aderj.com.br\/wp-content\/uploads\/2023\/04\/17-04-UNECS-ATA-768x768.jpg 768w, https:\/\/aderj.com.br\/wp-content\/uploads\/2023\/04\/17-04-UNECS-ATA.jpg 1080w\" sizes=\"(max-width: 621px) 100vw, 621px\" \/><\/a><\/p>\n","protected":false},"excerpt":{"rendered":"<p>A Medida Provis\u00f3ria 1.159\/2023 alterou a Lei n\u00ba 10.637, de 30 de dezembro de 2002, e a Lei n\u00ba 10.833, de 29 de dezembro de 2003<\/p>\n","protected":false},"author":1,"featured_media":6859,"comment_status":"closed","ping_status":"closed","sticky":false,"template":"","format":"standard","meta":{"footnotes":""},"categories":[1],"tags":[],"class_list":["post-6858","post","type-post","status-publish","format-standard","has-post-thumbnail","hentry","category-blog"],"rttpg_featured_image_url":{"full":["https:\/\/aderj.com.br\/wp-content\/uploads\/2023\/04\/17-04-UNECS.jpg",1080,1080,false],"landscape":["https:\/\/aderj.com.br\/wp-content\/uploads\/2023\/04\/17-04-UNECS.jpg",1080,1080,false],"portraits":["https:\/\/aderj.com.br\/wp-content\/uploads\/2023\/04\/17-04-UNECS.jpg",1080,1080,false],"thumbnail":["https:\/\/aderj.com.br\/wp-content\/uploads\/2023\/04\/17-04-UNECS-150x150.jpg",150,150,true],"medium":["https:\/\/aderj.com.br\/wp-content\/uploads\/2023\/04\/17-04-UNECS-300x300.jpg",300,300,true],"large":["https:\/\/aderj.com.br\/wp-content\/uploads\/2023\/04\/17-04-UNECS-1024x1024.jpg",800,800,true],"1536x1536":["https:\/\/aderj.com.br\/wp-content\/uploads\/2023\/04\/17-04-UNECS.jpg",1080,1080,false],"2048x2048":["https:\/\/aderj.com.br\/wp-content\/uploads\/2023\/04\/17-04-UNECS.jpg",1080,1080,false]},"rttpg_author":{"display_name":"ADMIN","author_link":"https:\/\/aderj.com.br\/index.php\/author\/angrarj-com\/"},"rttpg_comment":0,"rttpg_category":"<a href=\"https:\/\/aderj.com.br\/index.php\/category\/blog\/\" rel=\"category tag\">Blog<\/a>","rttpg_excerpt":"A Medida Provis\u00f3ria 1.159\/2023 alterou a Lei n\u00ba 10.637, de 30 de dezembro de 2002, e a Lei n\u00ba 10.833, de 29 de dezembro de 2003","_links":{"self":[{"href":"https:\/\/aderj.com.br\/index.php\/wp-json\/wp\/v2\/posts\/6858","targetHints":{"allow":["GET"]}}],"collection":[{"href":"https:\/\/aderj.com.br\/index.php\/wp-json\/wp\/v2\/posts"}],"about":[{"href":"https:\/\/aderj.com.br\/index.php\/wp-json\/wp\/v2\/types\/post"}],"author":[{"embeddable":true,"href":"https:\/\/aderj.com.br\/index.php\/wp-json\/wp\/v2\/users\/1"}],"replies":[{"embeddable":true,"href":"https:\/\/aderj.com.br\/index.php\/wp-json\/wp\/v2\/comments?post=6858"}],"version-history":[{"count":1,"href":"https:\/\/aderj.com.br\/index.php\/wp-json\/wp\/v2\/posts\/6858\/revisions"}],"predecessor-version":[{"id":10916,"href":"https:\/\/aderj.com.br\/index.php\/wp-json\/wp\/v2\/posts\/6858\/revisions\/10916"}],"wp:featuredmedia":[{"embeddable":true,"href":"https:\/\/aderj.com.br\/index.php\/wp-json\/wp\/v2\/media\/6859"}],"wp:attachment":[{"href":"https:\/\/aderj.com.br\/index.php\/wp-json\/wp\/v2\/media?parent=6858"}],"wp:term":[{"taxonomy":"category","embeddable":true,"href":"https:\/\/aderj.com.br\/index.php\/wp-json\/wp\/v2\/categories?post=6858"},{"taxonomy":"post_tag","embeddable":true,"href":"https:\/\/aderj.com.br\/index.php\/wp-json\/wp\/v2\/tags?post=6858"}],"curies":[{"name":"wp","href":"https:\/\/api.w.org\/{rel}","templated":true}]}}