{"id":6856,"date":"2023-04-14T15:52:30","date_gmt":"2023-04-14T18:52:30","guid":{"rendered":"https:\/\/aderj.com.br\/v1.0-teste2\/?post_type=publicacoes&#038;p=6856"},"modified":"2024-08-01T21:27:07","modified_gmt":"2024-08-02T00:27:07","slug":"playvender-ganha-premio-e-reconhecimento-da-unilever","status":"publish","type":"post","link":"https:\/\/aderj.com.br\/index.php\/2023\/04\/14\/playvender-ganha-premio-e-reconhecimento-da-unilever\/","title":{"rendered":"Playvender ganha pr\u00eamio e reconhecimento da Unilever"},"content":{"rendered":"<p>A Playvender Distribuidora do Brasil S\/A foi agraciada esta semana pela Unilever com o 1\u00ba lugar Brasil no Ranking Unilever EFETIVIDADE\u00a02022. O pr\u00eamio, que foi recebido pelo vice-presidente comercial da empresa, Opl\u00ednio\u00a0Luz, mostra o reconhecimento da ind\u00fastria \u00e0 excel\u00eancia do trabalho da empresa distribuidora.<\/p>\n<p>O CEO e fundador da Playvender, Cl\u00e1udio Campos, disse que o pr\u00eamio representa para a Fam\u00edlia Playvender a coroa\u00e7\u00e3o do trabalho pautado pela inspira\u00e7\u00e3o com muita transpira\u00e7\u00e3o. \u201cNos d\u00e1 convic\u00e7\u00e3o que estamos no caminho para cumprir\u00a0nossa\u00a0meta\u201d, afirmou ele.<\/p>\n<p>A ADERJ sa\u00fada sua associada na certeza que outros pr\u00eamios vir\u00e3o como prova de sua qualidade e de sua representatividade no setor distribuidor atacadista. Parab\u00e9ns, Playvender.<\/p>\n","protected":false},"excerpt":{"rendered":"<p>A Playvender Distribuidora do Brasil S\/A foi agraciada esta semana pela Unilever com o 1\u00ba lugar Brasil no Ranking Unilever EFETIVIDADE\u00a02022. O pr\u00eamio, que foi recebido pelo vice-presidente comercial da empresa, Opl\u00ednio\u00a0Luz, mostra o reconhecimento da ind\u00fastria \u00e0 excel\u00eancia do trabalho da empresa distribuidora. O CEO e fundador da Playvender, Cl\u00e1udio Campos, disse que o pr\u00eamio representa para a Fam\u00edlia Playvender a coroa\u00e7\u00e3o do trabalho pautado pela inspira\u00e7\u00e3o com muita transpira\u00e7\u00e3o. \u201cNos d\u00e1 convic\u00e7\u00e3o que estamos no caminho para cumprir\u00a0nossa\u00a0meta\u201d, afirmou ele. A ADERJ sa\u00fada sua associada na certeza que outros pr\u00eamios vir\u00e3o como prova de sua qualidade e de sua representatividade no setor distribuidor atacadista. Parab\u00e9ns, Playvender.<\/p>\n","protected":false},"author":1,"featured_media":6857,"comment_status":"closed","ping_status":"closed","sticky":false,"template":"","format":"standard","meta":{"footnotes":""},"categories":[1],"tags":[],"class_list":["post-6856","post","type-post","status-publish","format-standard","has-post-thumbnail","hentry","category-blog"],"rttpg_featured_image_url":{"full":["https:\/\/aderj.com.br\/wp-content\/uploads\/2023\/04\/playvender-feed.jpg",1080,1080,false],"landscape":["https:\/\/aderj.com.br\/wp-content\/uploads\/2023\/04\/playvender-feed.jpg",1080,1080,false],"portraits":["https:\/\/aderj.com.br\/wp-content\/uploads\/2023\/04\/playvender-feed.jpg",1080,1080,false],"thumbnail":["https:\/\/aderj.com.br\/wp-content\/uploads\/2023\/04\/playvender-feed-150x150.jpg",150,150,true],"medium":["https:\/\/aderj.com.br\/wp-content\/uploads\/2023\/04\/playvender-feed-300x300.jpg",300,300,true],"large":["https:\/\/aderj.com.br\/wp-content\/uploads\/2023\/04\/playvender-feed-1024x1024.jpg",800,800,true],"1536x1536":["https:\/\/aderj.com.br\/wp-content\/uploads\/2023\/04\/playvender-feed.jpg",1080,1080,false],"2048x2048":["https:\/\/aderj.com.br\/wp-content\/uploads\/2023\/04\/playvender-feed.jpg",1080,1080,false]},"rttpg_author":{"display_name":"ADMIN","author_link":"https:\/\/aderj.com.br\/index.php\/author\/angrarj-com\/"},"rttpg_comment":0,"rttpg_category":"<a href=\"https:\/\/aderj.com.br\/index.php\/category\/blog\/\" rel=\"category tag\">Blog<\/a>","rttpg_excerpt":"A Playvender Distribuidora do Brasil S\/A foi agraciada esta semana pela Unilever com o 1\u00ba lugar Brasil no Ranking Unilever EFETIVIDADE\u00a02022. O pr\u00eamio, que foi recebido pelo vice-presidente comercial da empresa, Opl\u00ednio\u00a0Luz, mostra o reconhecimento da ind\u00fastria \u00e0 excel\u00eancia do trabalho da empresa distribuidora. O CEO e fundador da Playvender, Cl\u00e1udio Campos, disse que o&hellip;","_links":{"self":[{"href":"https:\/\/aderj.com.br\/index.php\/wp-json\/wp\/v2\/posts\/6856","targetHints":{"allow":["GET"]}}],"collection":[{"href":"https:\/\/aderj.com.br\/index.php\/wp-json\/wp\/v2\/posts"}],"about":[{"href":"https:\/\/aderj.com.br\/index.php\/wp-json\/wp\/v2\/types\/post"}],"author":[{"embeddable":true,"href":"https:\/\/aderj.com.br\/index.php\/wp-json\/wp\/v2\/users\/1"}],"replies":[{"embeddable":true,"href":"https:\/\/aderj.com.br\/index.php\/wp-json\/wp\/v2\/comments?post=6856"}],"version-history":[{"count":1,"href":"https:\/\/aderj.com.br\/index.php\/wp-json\/wp\/v2\/posts\/6856\/revisions"}],"predecessor-version":[{"id":10917,"href":"https:\/\/aderj.com.br\/index.php\/wp-json\/wp\/v2\/posts\/6856\/revisions\/10917"}],"wp:featuredmedia":[{"embeddable":true,"href":"https:\/\/aderj.com.br\/index.php\/wp-json\/wp\/v2\/media\/6857"}],"wp:attachment":[{"href":"https:\/\/aderj.com.br\/index.php\/wp-json\/wp\/v2\/media?parent=6856"}],"wp:term":[{"taxonomy":"category","embeddable":true,"href":"https:\/\/aderj.com.br\/index.php\/wp-json\/wp\/v2\/categories?post=6856"},{"taxonomy":"post_tag","embeddable":true,"href":"https:\/\/aderj.com.br\/index.php\/wp-json\/wp\/v2\/tags?post=6856"}],"curies":[{"name":"wp","href":"https:\/\/api.w.org\/{rel}","templated":true}]}}