{"id":6824,"date":"2023-03-31T14:43:13","date_gmt":"2023-03-31T17:43:13","guid":{"rendered":"https:\/\/aderj.com.br\/v1.0-teste2\/?post_type=publicacoes&#038;p=6824"},"modified":"2024-08-01T21:27:07","modified_gmt":"2024-08-02T00:27:07","slug":"6824-2","status":"publish","type":"post","link":"https:\/\/aderj.com.br\/index.php\/2023\/03\/31\/6824-2\/","title":{"rendered":"Presidente da Associa\u00e7\u00e3o de Supermercados do Estado do Rio de Janeiro (ASSERJ), F\u00e1bio Queir\u00f3z, toma posse como vice-presidente da Associa\u00e7\u00e3o Americana de Supermercados (ALAS)."},"content":{"rendered":"<p>A diretoria da ADERJ, atrav\u00e9s do seu vice-presidente Cl\u00e1udio Campos, parabenizou o presidente da Associa\u00e7\u00e3o de Supermercados do Estado do Rio de Janeiro (ASSERJ), F\u00e1bio Queir\u00f3z, por sua posse na ter\u00e7a-feira (28\/03) como vice-presidente da Associa\u00e7\u00e3o Americana de Supermercados (ALAS). A posse foi em solenidade no Riocentro durante a Conven\u00e7\u00e3o das Am\u00e9ricas de Supermercados, a maior e mais importante do setor no continente e a primeira no Brasil. O argentino Ricardo Zorz\u00f3n, da C\u00e2ma\u00adra Argentina de Supermerca\u00addos, assumiu a presid\u00eancia da entidade. Os mandatos s\u00e3o de dois anos.<\/p>\n","protected":false},"excerpt":{"rendered":"<p>A diretoria da ADERJ, atrav\u00e9s do seu vice-presidente Cl\u00e1udio Campos, parabenizou o presidente da Associa\u00e7\u00e3o de Supermercados do Estado do Rio de Janeiro (ASSERJ), F\u00e1bio Queir\u00f3z, por sua posse na ter\u00e7a-feira (28\/03) como vice-presidente da Associa\u00e7\u00e3o Americana de Supermercados (ALAS).<\/p>\n","protected":false},"author":1,"featured_media":6825,"comment_status":"closed","ping_status":"closed","sticky":false,"template":"","format":"standard","meta":{"footnotes":""},"categories":[1],"tags":[],"class_list":["post-6824","post","type-post","status-publish","format-standard","has-post-thumbnail","hentry","category-blog"],"rttpg_featured_image_url":{"full":["https:\/\/aderj.com.br\/wp-content\/uploads\/2023\/03\/homenagem-fabio-queiroz.jpg",1080,1080,false],"landscape":["https:\/\/aderj.com.br\/wp-content\/uploads\/2023\/03\/homenagem-fabio-queiroz.jpg",1080,1080,false],"portraits":["https:\/\/aderj.com.br\/wp-content\/uploads\/2023\/03\/homenagem-fabio-queiroz.jpg",1080,1080,false],"thumbnail":["https:\/\/aderj.com.br\/wp-content\/uploads\/2023\/03\/homenagem-fabio-queiroz-150x150.jpg",150,150,true],"medium":["https:\/\/aderj.com.br\/wp-content\/uploads\/2023\/03\/homenagem-fabio-queiroz-300x300.jpg",300,300,true],"large":["https:\/\/aderj.com.br\/wp-content\/uploads\/2023\/03\/homenagem-fabio-queiroz-1024x1024.jpg",800,800,true],"1536x1536":["https:\/\/aderj.com.br\/wp-content\/uploads\/2023\/03\/homenagem-fabio-queiroz.jpg",1080,1080,false],"2048x2048":["https:\/\/aderj.com.br\/wp-content\/uploads\/2023\/03\/homenagem-fabio-queiroz.jpg",1080,1080,false]},"rttpg_author":{"display_name":"ADMIN","author_link":"https:\/\/aderj.com.br\/index.php\/author\/angrarj-com\/"},"rttpg_comment":0,"rttpg_category":"<a href=\"https:\/\/aderj.com.br\/index.php\/category\/blog\/\" rel=\"category tag\">Blog<\/a>","rttpg_excerpt":"A diretoria da ADERJ, atrav\u00e9s do seu vice-presidente Cl\u00e1udio Campos, parabenizou o presidente da Associa\u00e7\u00e3o de Supermercados do Estado do Rio de Janeiro (ASSERJ), F\u00e1bio Queir\u00f3z, por sua posse na ter\u00e7a-feira (28\/03) como vice-presidente da Associa\u00e7\u00e3o Americana de Supermercados (ALAS).","_links":{"self":[{"href":"https:\/\/aderj.com.br\/index.php\/wp-json\/wp\/v2\/posts\/6824","targetHints":{"allow":["GET"]}}],"collection":[{"href":"https:\/\/aderj.com.br\/index.php\/wp-json\/wp\/v2\/posts"}],"about":[{"href":"https:\/\/aderj.com.br\/index.php\/wp-json\/wp\/v2\/types\/post"}],"author":[{"embeddable":true,"href":"https:\/\/aderj.com.br\/index.php\/wp-json\/wp\/v2\/users\/1"}],"replies":[{"embeddable":true,"href":"https:\/\/aderj.com.br\/index.php\/wp-json\/wp\/v2\/comments?post=6824"}],"version-history":[{"count":1,"href":"https:\/\/aderj.com.br\/index.php\/wp-json\/wp\/v2\/posts\/6824\/revisions"}],"predecessor-version":[{"id":10921,"href":"https:\/\/aderj.com.br\/index.php\/wp-json\/wp\/v2\/posts\/6824\/revisions\/10921"}],"wp:featuredmedia":[{"embeddable":true,"href":"https:\/\/aderj.com.br\/index.php\/wp-json\/wp\/v2\/media\/6825"}],"wp:attachment":[{"href":"https:\/\/aderj.com.br\/index.php\/wp-json\/wp\/v2\/media?parent=6824"}],"wp:term":[{"taxonomy":"category","embeddable":true,"href":"https:\/\/aderj.com.br\/index.php\/wp-json\/wp\/v2\/categories?post=6824"},{"taxonomy":"post_tag","embeddable":true,"href":"https:\/\/aderj.com.br\/index.php\/wp-json\/wp\/v2\/tags?post=6824"}],"curies":[{"name":"wp","href":"https:\/\/api.w.org\/{rel}","templated":true}]}}