{"id":6822,"date":"2023-03-31T13:43:48","date_gmt":"2023-03-31T16:43:48","guid":{"rendered":"https:\/\/aderj.com.br\/v1.0-teste2\/?post_type=publicacoes&#038;p=6822"},"modified":"2024-08-01T21:27:07","modified_gmt":"2024-08-02T00:27:07","slug":"6822-2","status":"publish","type":"post","link":"https:\/\/aderj.com.br\/index.php\/2023\/03\/31\/6822-2\/","title":{"rendered":"ABAD Entrevista &#8211; Patricia Turmina."},"content":{"rendered":"<p>A presidente do Grupo ABAD Jovens e Sucessores para o bi\u00eanio 23\/24 e co-fundadora da rede franquias Royal Trudel, Patricia Turmina, conversa com a jornalista e editora-chefe da Revista Distribui\u00e7\u00e3o, Claudia Rivoiro, no ABAD Entrevista. Ela fala sobre o processo de sucess\u00e3o, o seu neg\u00f3cio e a miss\u00e3o de presidir o Gajs.<\/p>\n<p>Acesse:\u00a0<a href=\"https:\/\/youtu.be\/mYI6v6jP_Ko\">https:\/\/youtu.be\/mYI6v6jP_Ko<\/a><\/p>\n","protected":false},"excerpt":{"rendered":"<p>A presidente do Grupo ABAD Jovens e Sucessores para o bi\u00eanio 23\/24 e co-fundadora da rede franquias Royal Trudel, Patricia Turmina, conversa com a jornalista e editora-chefe da Revista Distribui\u00e7\u00e3o, Claudia Rivoiro, no ABAD Entrevista. Ela fala sobre o processo de sucess\u00e3o, o seu neg\u00f3cio e a miss\u00e3o de presidir o Gajs.<\/p>\n","protected":false},"author":1,"featured_media":6823,"comment_status":"closed","ping_status":"closed","sticky":false,"template":"","format":"standard","meta":{"footnotes":""},"categories":[1],"tags":[],"class_list":["post-6822","post","type-post","status-publish","format-standard","has-post-thumbnail","hentry","category-blog"],"rttpg_featured_image_url":{"full":["https:\/\/aderj.com.br\/wp-content\/uploads\/2023\/03\/31-03-aderj-recomenda-abad.jpg",1080,1080,false],"landscape":["https:\/\/aderj.com.br\/wp-content\/uploads\/2023\/03\/31-03-aderj-recomenda-abad.jpg",1080,1080,false],"portraits":["https:\/\/aderj.com.br\/wp-content\/uploads\/2023\/03\/31-03-aderj-recomenda-abad.jpg",1080,1080,false],"thumbnail":["https:\/\/aderj.com.br\/wp-content\/uploads\/2023\/03\/31-03-aderj-recomenda-abad-150x150.jpg",150,150,true],"medium":["https:\/\/aderj.com.br\/wp-content\/uploads\/2023\/03\/31-03-aderj-recomenda-abad-300x300.jpg",300,300,true],"large":["https:\/\/aderj.com.br\/wp-content\/uploads\/2023\/03\/31-03-aderj-recomenda-abad-1024x1024.jpg",800,800,true],"1536x1536":["https:\/\/aderj.com.br\/wp-content\/uploads\/2023\/03\/31-03-aderj-recomenda-abad.jpg",1080,1080,false],"2048x2048":["https:\/\/aderj.com.br\/wp-content\/uploads\/2023\/03\/31-03-aderj-recomenda-abad.jpg",1080,1080,false]},"rttpg_author":{"display_name":"ADMIN","author_link":"https:\/\/aderj.com.br\/index.php\/author\/angrarj-com\/"},"rttpg_comment":0,"rttpg_category":"<a href=\"https:\/\/aderj.com.br\/index.php\/category\/blog\/\" rel=\"category tag\">Blog<\/a>","rttpg_excerpt":"A presidente do Grupo ABAD Jovens e Sucessores para o bi\u00eanio 23\/24 e co-fundadora da rede franquias Royal Trudel, Patricia Turmina, conversa com a jornalista e editora-chefe da Revista Distribui\u00e7\u00e3o, Claudia Rivoiro, no ABAD Entrevista. Ela fala sobre o processo de sucess\u00e3o, o seu neg\u00f3cio e a miss\u00e3o de presidir o Gajs.","_links":{"self":[{"href":"https:\/\/aderj.com.br\/index.php\/wp-json\/wp\/v2\/posts\/6822","targetHints":{"allow":["GET"]}}],"collection":[{"href":"https:\/\/aderj.com.br\/index.php\/wp-json\/wp\/v2\/posts"}],"about":[{"href":"https:\/\/aderj.com.br\/index.php\/wp-json\/wp\/v2\/types\/post"}],"author":[{"embeddable":true,"href":"https:\/\/aderj.com.br\/index.php\/wp-json\/wp\/v2\/users\/1"}],"replies":[{"embeddable":true,"href":"https:\/\/aderj.com.br\/index.php\/wp-json\/wp\/v2\/comments?post=6822"}],"version-history":[{"count":1,"href":"https:\/\/aderj.com.br\/index.php\/wp-json\/wp\/v2\/posts\/6822\/revisions"}],"predecessor-version":[{"id":10922,"href":"https:\/\/aderj.com.br\/index.php\/wp-json\/wp\/v2\/posts\/6822\/revisions\/10922"}],"wp:featuredmedia":[{"embeddable":true,"href":"https:\/\/aderj.com.br\/index.php\/wp-json\/wp\/v2\/media\/6823"}],"wp:attachment":[{"href":"https:\/\/aderj.com.br\/index.php\/wp-json\/wp\/v2\/media?parent=6822"}],"wp:term":[{"taxonomy":"category","embeddable":true,"href":"https:\/\/aderj.com.br\/index.php\/wp-json\/wp\/v2\/categories?post=6822"},{"taxonomy":"post_tag","embeddable":true,"href":"https:\/\/aderj.com.br\/index.php\/wp-json\/wp\/v2\/tags?post=6822"}],"curies":[{"name":"wp","href":"https:\/\/api.w.org\/{rel}","templated":true}]}}