{"id":6806,"date":"2023-03-24T15:33:34","date_gmt":"2023-03-24T18:33:34","guid":{"rendered":"https:\/\/aderj.com.br\/v1.0-teste2\/?post_type=publicacoes&#038;p=6806"},"modified":"2024-08-01T21:27:07","modified_gmt":"2024-08-02T00:27:07","slug":"comite-aderj-de-rh-faz-a-primeira-reuniao-de-2023","status":"publish","type":"post","link":"https:\/\/aderj.com.br\/index.php\/2023\/03\/24\/comite-aderj-de-rh-faz-a-primeira-reuniao-de-2023\/","title":{"rendered":"Comit\u00ea ADERJ de RH faz a primeira reuni\u00e3o de 2023"},"content":{"rendered":"<p>O Comit\u00ea ADERJ de Recursos Humanos realizou na quarta-feira (22 de mar\u00e7o) sua primeira reuni\u00e3o de 2023. No audit\u00f3rio H\u00e9lio Castor Maciel, na sede da Associa\u00e7\u00e3o, teve como tema principal Preven\u00e7\u00e3o aos Conflitos Trabalhistas. O coordenador do Comit\u00ea, Alexandre Albuquerque, em sua apresenta\u00e7\u00e3o, destacou os problemas mais comuns identificados nas empresas e elencou as medidas de preven\u00e7\u00e3o para evit\u00e1-los.<br \/>\nO encontro foi marcado pela intera\u00e7\u00e3o entre os presentes, que apresentaram e tiveram suas d\u00favidas esclarecidas. No fim, tr\u00eas aniversariantes do m\u00eas que estavam na reuni\u00e3o receberam lembran\u00e7as oferecidas pelo Comit\u00ea. Al\u00e9m disso, foram sorteados dois exemplares do \u201cCaderno Anual de Gest\u00e3o\u201d.<\/p>\n<p>Se sua empresa ainda n\u00e3o participa do nosso Comit\u00ea, inscreva-se j\u00e1. Saiba como pelos telefones (21) 2584-2446 e 2584-3590 e pelo e-mail eventos@aderj.com.br.<\/p>\n<p>&nbsp;<\/p>\n<p><a href=\"https:\/\/aderj.com.br\/v1.0-teste2\/wp-content\/uploads\/2023\/03\/1.jpg\"><img fetchpriority=\"high\" decoding=\"async\" class=\"size-medium wp-image-6808 alignnone\" src=\"https:\/\/aderj.com.br\/v1.0-teste2\/wp-content\/uploads\/2023\/03\/1-300x300.jpg\" alt=\"\" width=\"300\" height=\"300\" srcset=\"https:\/\/aderj.com.br\/wp-content\/uploads\/2023\/03\/1-300x300.jpg 300w, https:\/\/aderj.com.br\/wp-content\/uploads\/2023\/03\/1-1024x1024.jpg 1024w, https:\/\/aderj.com.br\/wp-content\/uploads\/2023\/03\/1-150x150.jpg 150w, https:\/\/aderj.com.br\/wp-content\/uploads\/2023\/03\/1-768x768.jpg 768w, https:\/\/aderj.com.br\/wp-content\/uploads\/2023\/03\/1.jpg 1080w\" sizes=\"(max-width: 300px) 100vw, 300px\" \/><\/a> <a href=\"https:\/\/aderj.com.br\/v1.0-teste2\/wp-content\/uploads\/2023\/03\/2.jpg\"><img decoding=\"async\" class=\"size-medium wp-image-6809 alignnone\" src=\"https:\/\/aderj.com.br\/v1.0-teste2\/wp-content\/uploads\/2023\/03\/2-300x300.jpg\" alt=\"\" width=\"300\" height=\"300\" srcset=\"https:\/\/aderj.com.br\/wp-content\/uploads\/2023\/03\/2-300x300.jpg 300w, https:\/\/aderj.com.br\/wp-content\/uploads\/2023\/03\/2-1024x1024.jpg 1024w, https:\/\/aderj.com.br\/wp-content\/uploads\/2023\/03\/2-150x150.jpg 150w, https:\/\/aderj.com.br\/wp-content\/uploads\/2023\/03\/2-768x768.jpg 768w, https:\/\/aderj.com.br\/wp-content\/uploads\/2023\/03\/2.jpg 1080w\" sizes=\"(max-width: 300px) 100vw, 300px\" \/><\/a> <a href=\"https:\/\/aderj.com.br\/v1.0-teste2\/wp-content\/uploads\/2023\/03\/3.jpg\"><img decoding=\"async\" class=\"size-medium wp-image-6810 alignnone\" src=\"https:\/\/aderj.com.br\/v1.0-teste2\/wp-content\/uploads\/2023\/03\/3-300x300.jpg\" alt=\"\" width=\"300\" height=\"300\" srcset=\"https:\/\/aderj.com.br\/wp-content\/uploads\/2023\/03\/3-300x300.jpg 300w, https:\/\/aderj.com.br\/wp-content\/uploads\/2023\/03\/3-1024x1024.jpg 1024w, https:\/\/aderj.com.br\/wp-content\/uploads\/2023\/03\/3-150x150.jpg 150w, https:\/\/aderj.com.br\/wp-content\/uploads\/2023\/03\/3-768x768.jpg 768w, https:\/\/aderj.com.br\/wp-content\/uploads\/2023\/03\/3.jpg 1080w\" sizes=\"(max-width: 300px) 100vw, 300px\" \/><\/a> <a href=\"https:\/\/aderj.com.br\/v1.0-teste2\/wp-content\/uploads\/2023\/03\/4.jpg\"><img loading=\"lazy\" decoding=\"async\" class=\"size-medium wp-image-6811 alignnone\" src=\"https:\/\/aderj.com.br\/v1.0-teste2\/wp-content\/uploads\/2023\/03\/4-300x300.jpg\" alt=\"\" width=\"300\" height=\"300\" srcset=\"https:\/\/aderj.com.br\/wp-content\/uploads\/2023\/03\/4-300x300.jpg 300w, https:\/\/aderj.com.br\/wp-content\/uploads\/2023\/03\/4-1024x1024.jpg 1024w, https:\/\/aderj.com.br\/wp-content\/uploads\/2023\/03\/4-150x150.jpg 150w, https:\/\/aderj.com.br\/wp-content\/uploads\/2023\/03\/4-768x768.jpg 768w, https:\/\/aderj.com.br\/wp-content\/uploads\/2023\/03\/4.jpg 1080w\" sizes=\"(max-width: 300px) 100vw, 300px\" \/><\/a> <a href=\"https:\/\/aderj.com.br\/v1.0-teste2\/wp-content\/uploads\/2023\/03\/5.jpg\"><img loading=\"lazy\" decoding=\"async\" class=\"size-medium wp-image-6812 alignnone\" src=\"https:\/\/aderj.com.br\/v1.0-teste2\/wp-content\/uploads\/2023\/03\/5-300x300.jpg\" alt=\"\" width=\"300\" height=\"300\" srcset=\"https:\/\/aderj.com.br\/wp-content\/uploads\/2023\/03\/5-300x300.jpg 300w, https:\/\/aderj.com.br\/wp-content\/uploads\/2023\/03\/5-1024x1024.jpg 1024w, https:\/\/aderj.com.br\/wp-content\/uploads\/2023\/03\/5-150x150.jpg 150w, https:\/\/aderj.com.br\/wp-content\/uploads\/2023\/03\/5-768x768.jpg 768w, https:\/\/aderj.com.br\/wp-content\/uploads\/2023\/03\/5.jpg 1080w\" sizes=\"(max-width: 300px) 100vw, 300px\" \/><\/a> <a href=\"https:\/\/aderj.com.br\/v1.0-teste2\/wp-content\/uploads\/2023\/03\/6.jpg\"><img loading=\"lazy\" decoding=\"async\" class=\"size-medium wp-image-6813 alignnone\" src=\"https:\/\/aderj.com.br\/v1.0-teste2\/wp-content\/uploads\/2023\/03\/6-300x300.jpg\" alt=\"\" width=\"300\" height=\"300\" srcset=\"https:\/\/aderj.com.br\/wp-content\/uploads\/2023\/03\/6-300x300.jpg 300w, https:\/\/aderj.com.br\/wp-content\/uploads\/2023\/03\/6-1024x1024.jpg 1024w, https:\/\/aderj.com.br\/wp-content\/uploads\/2023\/03\/6-150x150.jpg 150w, https:\/\/aderj.com.br\/wp-content\/uploads\/2023\/03\/6-768x768.jpg 768w, https:\/\/aderj.com.br\/wp-content\/uploads\/2023\/03\/6.jpg 1080w\" sizes=\"(max-width: 300px) 100vw, 300px\" \/><\/a> <a href=\"https:\/\/aderj.com.br\/v1.0-teste2\/wp-content\/uploads\/2023\/03\/7.jpg\"><img loading=\"lazy\" decoding=\"async\" class=\"size-medium wp-image-6814 alignnone\" src=\"https:\/\/aderj.com.br\/v1.0-teste2\/wp-content\/uploads\/2023\/03\/7-300x300.jpg\" alt=\"\" width=\"300\" height=\"300\" srcset=\"https:\/\/aderj.com.br\/wp-content\/uploads\/2023\/03\/7-300x300.jpg 300w, https:\/\/aderj.com.br\/wp-content\/uploads\/2023\/03\/7-1024x1024.jpg 1024w, https:\/\/aderj.com.br\/wp-content\/uploads\/2023\/03\/7-150x150.jpg 150w, https:\/\/aderj.com.br\/wp-content\/uploads\/2023\/03\/7-768x768.jpg 768w, https:\/\/aderj.com.br\/wp-content\/uploads\/2023\/03\/7.jpg 1080w\" sizes=\"(max-width: 300px) 100vw, 300px\" \/><\/a><a href=\"https:\/\/aderj.com.br\/v1.0-teste2\/wp-content\/uploads\/2023\/03\/8.jpg\"><img loading=\"lazy\" decoding=\"async\" class=\"size-medium wp-image-6815 alignnone\" src=\"https:\/\/aderj.com.br\/v1.0-teste2\/wp-content\/uploads\/2023\/03\/8-300x300.jpg\" alt=\"\" width=\"300\" height=\"300\" srcset=\"https:\/\/aderj.com.br\/wp-content\/uploads\/2023\/03\/8-300x300.jpg 300w, https:\/\/aderj.com.br\/wp-content\/uploads\/2023\/03\/8-1024x1024.jpg 1024w, https:\/\/aderj.com.br\/wp-content\/uploads\/2023\/03\/8-150x150.jpg 150w, https:\/\/aderj.com.br\/wp-content\/uploads\/2023\/03\/8-768x768.jpg 768w, https:\/\/aderj.com.br\/wp-content\/uploads\/2023\/03\/8.jpg 1080w\" sizes=\"(max-width: 300px) 100vw, 300px\" \/><\/a><\/p>\n","protected":false},"excerpt":{"rendered":"<p>O Comit\u00ea ADERJ de Recursos Humanos realizou na quarta-feira (22 de mar\u00e7o) sua primeira reuni\u00e3o de 2023. No audit\u00f3rio H\u00e9lio Castor Maciel, na sede da Associa\u00e7\u00e3o, teve como tema principal Preven\u00e7\u00e3o aos Conflitos Trabalhistas. O coordenador do Comit\u00ea, Alexandre Albuquerque, em sua apresenta\u00e7\u00e3o, destacou os problemas mais comuns identificados nas empresas e elencou as medidas de preven\u00e7\u00e3o para evit\u00e1-los. O encontro foi marcado pela intera\u00e7\u00e3o entre os presentes, que apresentaram e tiveram suas d\u00favidas esclarecidas. No fim, tr\u00eas aniversariantes do m\u00eas que estavam na reuni\u00e3o receberam lembran\u00e7as oferecidas pelo Comit\u00ea. Al\u00e9m disso, foram sorteados dois exemplares do \u201cCaderno Anual de Gest\u00e3o\u201d. Se sua empresa ainda n\u00e3o participa do nosso Comit\u00ea, inscreva-se j\u00e1. Saiba como pelos telefones (21) 2584-2446 e 2584-3590 e pelo e-mail eventos@aderj.com.br. &nbsp;<\/p>\n","protected":false},"author":1,"featured_media":6807,"comment_status":"closed","ping_status":"closed","sticky":false,"template":"","format":"standard","meta":{"footnotes":""},"categories":[1],"tags":[],"class_list":["post-6806","post","type-post","status-publish","format-standard","has-post-thumbnail","hentry","category-blog"],"rttpg_featured_image_url":{"full":["https:\/\/aderj.com.br\/wp-content\/uploads\/2023\/03\/CAPA-VIDEO-RH.jpg",1080,1920,false],"landscape":["https:\/\/aderj.com.br\/wp-content\/uploads\/2023\/03\/CAPA-VIDEO-RH.jpg",1080,1920,false],"portraits":["https:\/\/aderj.com.br\/wp-content\/uploads\/2023\/03\/CAPA-VIDEO-RH.jpg",1080,1920,false],"thumbnail":["https:\/\/aderj.com.br\/wp-content\/uploads\/2023\/03\/CAPA-VIDEO-RH-150x150.jpg",150,150,true],"medium":["https:\/\/aderj.com.br\/wp-content\/uploads\/2023\/03\/CAPA-VIDEO-RH-300x300.jpg",300,300,true],"large":["https:\/\/aderj.com.br\/wp-content\/uploads\/2023\/03\/CAPA-VIDEO-RH-1024x1024.jpg",800,800,true],"1536x1536":["https:\/\/aderj.com.br\/wp-content\/uploads\/2023\/03\/CAPA-VIDEO-RH-864x1536.jpg",864,1536,true],"2048x2048":["https:\/\/aderj.com.br\/wp-content\/uploads\/2023\/03\/CAPA-VIDEO-RH.jpg",1080,1920,false]},"rttpg_author":{"display_name":"ADMIN","author_link":"https:\/\/aderj.com.br\/index.php\/author\/angrarj-com\/"},"rttpg_comment":0,"rttpg_category":"<a href=\"https:\/\/aderj.com.br\/index.php\/category\/blog\/\" rel=\"category tag\">Blog<\/a>","rttpg_excerpt":"O Comit\u00ea ADERJ de Recursos Humanos realizou na quarta-feira (22 de mar\u00e7o) sua primeira reuni\u00e3o de 2023. No audit\u00f3rio H\u00e9lio Castor Maciel, na sede da Associa\u00e7\u00e3o, teve como tema principal Preven\u00e7\u00e3o aos Conflitos Trabalhistas. O coordenador do Comit\u00ea, Alexandre Albuquerque, em sua apresenta\u00e7\u00e3o, destacou os problemas mais comuns identificados nas empresas e elencou as medidas&hellip;","_links":{"self":[{"href":"https:\/\/aderj.com.br\/index.php\/wp-json\/wp\/v2\/posts\/6806","targetHints":{"allow":["GET"]}}],"collection":[{"href":"https:\/\/aderj.com.br\/index.php\/wp-json\/wp\/v2\/posts"}],"about":[{"href":"https:\/\/aderj.com.br\/index.php\/wp-json\/wp\/v2\/types\/post"}],"author":[{"embeddable":true,"href":"https:\/\/aderj.com.br\/index.php\/wp-json\/wp\/v2\/users\/1"}],"replies":[{"embeddable":true,"href":"https:\/\/aderj.com.br\/index.php\/wp-json\/wp\/v2\/comments?post=6806"}],"version-history":[{"count":1,"href":"https:\/\/aderj.com.br\/index.php\/wp-json\/wp\/v2\/posts\/6806\/revisions"}],"predecessor-version":[{"id":10924,"href":"https:\/\/aderj.com.br\/index.php\/wp-json\/wp\/v2\/posts\/6806\/revisions\/10924"}],"wp:featuredmedia":[{"embeddable":true,"href":"https:\/\/aderj.com.br\/index.php\/wp-json\/wp\/v2\/media\/6807"}],"wp:attachment":[{"href":"https:\/\/aderj.com.br\/index.php\/wp-json\/wp\/v2\/media?parent=6806"}],"wp:term":[{"taxonomy":"category","embeddable":true,"href":"https:\/\/aderj.com.br\/index.php\/wp-json\/wp\/v2\/categories?post=6806"},{"taxonomy":"post_tag","embeddable":true,"href":"https:\/\/aderj.com.br\/index.php\/wp-json\/wp\/v2\/tags?post=6806"}],"curies":[{"name":"wp","href":"https:\/\/api.w.org\/{rel}","templated":true}]}}