{"id":15282,"date":"2026-04-28T09:54:37","date_gmt":"2026-04-28T12:54:37","guid":{"rendered":"https:\/\/aderj.com.br\/?p=15282"},"modified":"2026-04-28T09:54:38","modified_gmt":"2026-04-28T12:54:38","slug":"decreto-no-50-274-de-27-de-abril-de-2026","status":"publish","type":"post","link":"https:\/\/aderj.com.br\/index.php\/2026\/04\/28\/decreto-no-50-274-de-27-de-abril-de-2026\/","title":{"rendered":"DECRETO N\u00ba 50.274 DE 27 DE ABRIL DE 2026"},"content":{"rendered":"\n<p id=\"p-rc_56ba5093c0e38ac2-19\"><strong>ALTERA O ART. 1\u00ba DO DECRETO 48.183, DE 18 DE AGOSTO DE 2022, QUE ESTABELECE PERCENTUAL DE REDU\u00c7\u00c3O DAS MVAs NAS OPERA\u00c7\u00d5ES EM QUE O ESTABELECIMENTO ATACADISTA ATUA COMO SUBSTITUTO TRIBUT\u00c1RIO.<\/strong><sup><\/sup><sup><\/sup><sup><\/sup><\/p>\n\n\n\n<p id=\"p-rc_56ba5093c0e38ac2-20\"><strong>O GOVERNADOR DO ESTADO DO RIO DE JANEIRO, EM EXE<sup><\/sup>RC\u00cdCIO<\/strong>, no uso das atribui\u00e7\u00f5es conferidas pelo<sup><\/sup> inciso IV, do art. 14<sup><\/sup>5, da Constitui\u00e7\u00e3o do Estado do Rio de Janeiro, os processos n\u00bas SEI-040006\/003338\/2026 e SEI-040079\/002358\/2023, e<\/p>\n\n\n\n<p><strong>CONSIDERANDO:<\/strong><\/p>\n\n\n\n<ul class=\"wp-block-list\">\n<li>o disposto na Lei n\u00ba 9.025, de 25 de setembro de 2020, que institui regime diferenciado de tributa\u00e7\u00e3o para o setor atacadista;<\/li>\n\n\n\n<li>o disposto nos \u00a7\u00a7 7\u00ba, 8\u00ba e 9\u00ba do art. 24 da Lei n\u00ba 2.657, de 26 de dezembro de 1996, e no art. 4\u00ba da Lei n\u00ba 8.926, de 08 de julho de 2020, que estabelecem crit\u00e9rios para defini\u00e7\u00e3o da base de c\u00e1lculo do ICMS devido por substitui\u00e7\u00e3o tribut\u00e1ria;<\/li>\n\n\n\n<li>a necessidade de ajuste da sistem\u00e1tica de aplica\u00e7\u00e3o do redutor de Margem de Valor Agregado (MVA) nas opera\u00e7\u00f5es em que o estabelecimento atacadista atua como substituto tribut\u00e1rio;<\/li>\n\n\n\n<li>o disposto no Decreto n\u00ba 48.183, de 18 de agosto de 2022, com altera\u00e7\u00f5es promovidas pelo Decreto n\u00ba 48.385, de 06 de mar\u00e7o de 2023, e pelo Decreto n\u00ba 48.576, de 30 de junho de 2023; e<\/li>\n\n\n\n<li>a necessidade de ado\u00e7\u00e3o de solu\u00e7\u00e3o provis\u00f3ria que permita a avalia\u00e7\u00e3o dos efeitos arrecadat\u00f3rios decorrentes da aplica\u00e7\u00e3o de redutor \u00e0 MVA, com vistas \u00e0 calibra\u00e7\u00e3o da base de c\u00e1lculo do ICMS-ST;<\/li>\n<\/ul>\n\n\n\n<p><strong>DECRETA:<\/strong><\/p>\n\n\n\n<p><strong>Art. 1\u00ba<\/strong> &#8211; O art. 1\u00ba do Decreto n.\u00ba 48.183, de 18 de agosto de 2022, passa a vigorar com a seguinte reda\u00e7\u00e3o:<\/p>\n\n\n\n<blockquote class=\"wp-block-quote is-layout-flow wp-block-quote-is-layout-flow\">\n<p>&#8220;Art. 1\u00ba Aplica-se provisoriamente, pelo prazo improrrog\u00e1vel de 12 (doze) meses, contados da entrada em vigor deste decreto, em substitui\u00e7\u00e3o \u00e0 MVA original indicada no \u00a7 1\u00ba do art. 6\u00ba do Decreto n\u00ba 47.437, de 30 de dezembro de 2020, o redutor de 33,5% (trinta e tr\u00eas inteiros e cinco d\u00e9cimos por cento), resultando na aplica\u00e7\u00e3o da chamada MVA reduzida, calculada segundo a seguinte f\u00f3rmula: $\\text{MVA reduzida} = \\text{MVA original} \\times 0,665$.&#8221; (NR)<\/p>\n<\/blockquote>\n\n\n\n<p><strong>Art. 2\u00ba<\/strong> &#8211; A Secretaria de Estado de Fazenda realizar\u00e1 o monitoramento dos efeitos arrecadat\u00f3rios decorrentes da aplica\u00e7\u00e3o do redutor de que trata este decreto, ao longo do per\u00edodo de sua vig\u00eancia, com vistas \u00e0 avalia\u00e7\u00e3o de sua adequa\u00e7\u00e3o, especialmente quanto \u00e0 ader\u00eancia da base de c\u00e1lculo do ICMS-ST, e \u00e0 eventual revis\u00e3o da medida.<\/p>\n\n\n\n<p><strong>Art. 3\u00ba<\/strong> &#8211; Este decreto entra em vigor na data de sua publica\u00e7\u00e3o, retroagindo os efeitos a contar de 01 de abril de 2026.<\/p>\n\n\n\n<p class=\"has-text-align-center\">Rio de Janeiro, 27 de abril de 2026<\/p>\n\n\n\n<p class=\"has-text-align-center\"><strong>RICARDO COUTO DE CASTRO<\/strong><\/p>\n\n\n\n<p class=\"has-text-align-center\">Governador em exerc\u00edcio<\/p>\n\n\n\n<p class=\"has-text-align-right\"><strong>Id: 2731249<\/strong><\/p>\n\n\n\n<p><strong><a href=\"https:\/\/aderj.com.br\/wp-content\/uploads\/2026\/04\/DECRETO-N-50.274-DE-27-DE-ABRIL-DE-2026.pdf\" data-type=\"link\" data-id=\"https:\/\/aderj.com.br\/wp-content\/uploads\/2026\/04\/DECRETO-N-50.274-DE-27-DE-ABRIL-DE-2026.pdf\">Veja aqui<\/a> o DECRETO N\u00ba 50.274 DE 27 DE ABRIL DE 2026\u00a0na \u00edntegra.<\/strong><\/p>\n\n\n\n<p><\/p>\n","protected":false},"excerpt":{"rendered":"<p>ALTERA O ART. 1\u00ba DO DECRETO 48.183, DE 18 DE AGOSTO DE 2022, QUE ESTABELECE PERCENTUAL DE REDU\u00c7\u00c3O DAS MVAs NAS OPERA\u00c7\u00d5ES EM QUE O ESTABELECIMENTO ATACADISTA ATUA COMO SUBSTITUTO TRIBUT\u00c1RIO. O GOVERNADOR DO ESTADO DO RIO DE JANEIRO, EM EXERC\u00cdCIO, no uso das atribui\u00e7\u00f5es conferidas pelo inciso IV, do art. 145, da Constitui\u00e7\u00e3o do Estado do Rio de Janeiro, os processos n\u00bas SEI-040006\/003338\/2026 e SEI-040079\/002358\/2023, e CONSIDERANDO: DECRETA: Art. 1\u00ba &#8211; O art. 1\u00ba do Decreto n.\u00ba 48.183, de 18 de agosto de 2022, passa a vigorar com a seguinte reda\u00e7\u00e3o: &#8220;Art. 1\u00ba Aplica-se provisoriamente, pelo prazo improrrog\u00e1vel de 12 (doze) meses, contados da entrada em vigor deste decreto, em substitui\u00e7\u00e3o \u00e0 MVA original indicada no \u00a7 1\u00ba do art. 6\u00ba do Decreto n\u00ba 47.437, de 30 de dezembro de 2020, o redutor de 33,5% (trinta e tr\u00eas inteiros e cinco d\u00e9cimos por cento), resultando na aplica\u00e7\u00e3o da chamada MVA reduzida, calculada segundo a seguinte f\u00f3rmula: $\\text{MVA reduzida} = \\text{MVA original} \\times 0,665$.&#8221; (NR) Art. 2\u00ba &#8211; A Secretaria de Estado de Fazenda realizar\u00e1 o monitoramento dos efeitos arrecadat\u00f3rios decorrentes da aplica\u00e7\u00e3o do redutor de que trata este decreto, ao longo do per\u00edodo de sua vig\u00eancia, com vistas \u00e0 avalia\u00e7\u00e3o de sua adequa\u00e7\u00e3o, especialmente quanto \u00e0 ader\u00eancia da base de c\u00e1lculo do ICMS-ST, e \u00e0 eventual revis\u00e3o da medida. Art. 3\u00ba &#8211; Este decreto entra em vigor na data de sua publica\u00e7\u00e3o, retroagindo os efeitos a contar de 01 de abril de 2026. Rio de Janeiro, 27 de abril de 2026 RICARDO COUTO DE CASTRO Governador em exerc\u00edcio Id: 2731249 Veja aqui o DECRETO N\u00ba 50.274 DE 27 DE ABRIL DE 2026\u00a0na \u00edntegra.<\/p>\n","protected":false},"author":7,"featured_media":15283,"comment_status":"open","ping_status":"open","sticky":false,"template":"","format":"standard","meta":{"footnotes":""},"categories":[1],"tags":[],"class_list":["post-15282","post","type-post","status-publish","format-standard","has-post-thumbnail","hentry","category-blog"],"rttpg_featured_image_url":{"full":["https:\/\/aderj.com.br\/wp-content\/uploads\/2026\/04\/Design-sem-nome-11.png",400,400,false],"landscape":["https:\/\/aderj.com.br\/wp-content\/uploads\/2026\/04\/Design-sem-nome-11.png",400,400,false],"portraits":["https:\/\/aderj.com.br\/wp-content\/uploads\/2026\/04\/Design-sem-nome-11.png",400,400,false],"thumbnail":["https:\/\/aderj.com.br\/wp-content\/uploads\/2026\/04\/Design-sem-nome-11-150x150.png",150,150,true],"medium":["https:\/\/aderj.com.br\/wp-content\/uploads\/2026\/04\/Design-sem-nome-11-300x300.png",300,300,true],"large":["https:\/\/aderj.com.br\/wp-content\/uploads\/2026\/04\/Design-sem-nome-11.png",400,400,false],"1536x1536":["https:\/\/aderj.com.br\/wp-content\/uploads\/2026\/04\/Design-sem-nome-11.png",400,400,false],"2048x2048":["https:\/\/aderj.com.br\/wp-content\/uploads\/2026\/04\/Design-sem-nome-11.png",400,400,false]},"rttpg_author":{"display_name":"ADERJ","author_link":"https:\/\/aderj.com.br\/index.php\/author\/aderj\/"},"rttpg_comment":0,"rttpg_category":"<a href=\"https:\/\/aderj.com.br\/index.php\/category\/blog\/\" rel=\"category tag\">Blog<\/a>","rttpg_excerpt":"ALTERA O ART. 1\u00ba DO DECRETO 48.183, DE 18 DE AGOSTO DE 2022, QUE ESTABELECE PERCENTUAL DE REDU\u00c7\u00c3O DAS MVAs NAS OPERA\u00c7\u00d5ES EM QUE O ESTABELECIMENTO ATACADISTA ATUA COMO SUBSTITUTO TRIBUT\u00c1RIO. O GOVERNADOR DO ESTADO DO RIO DE JANEIRO, EM EXERC\u00cdCIO, no uso das atribui\u00e7\u00f5es conferidas pelo inciso IV, do art. 145, da Constitui\u00e7\u00e3o do&hellip;","_links":{"self":[{"href":"https:\/\/aderj.com.br\/index.php\/wp-json\/wp\/v2\/posts\/15282","targetHints":{"allow":["GET"]}}],"collection":[{"href":"https:\/\/aderj.com.br\/index.php\/wp-json\/wp\/v2\/posts"}],"about":[{"href":"https:\/\/aderj.com.br\/index.php\/wp-json\/wp\/v2\/types\/post"}],"author":[{"embeddable":true,"href":"https:\/\/aderj.com.br\/index.php\/wp-json\/wp\/v2\/users\/7"}],"replies":[{"embeddable":true,"href":"https:\/\/aderj.com.br\/index.php\/wp-json\/wp\/v2\/comments?post=15282"}],"version-history":[{"count":1,"href":"https:\/\/aderj.com.br\/index.php\/wp-json\/wp\/v2\/posts\/15282\/revisions"}],"predecessor-version":[{"id":15286,"href":"https:\/\/aderj.com.br\/index.php\/wp-json\/wp\/v2\/posts\/15282\/revisions\/15286"}],"wp:featuredmedia":[{"embeddable":true,"href":"https:\/\/aderj.com.br\/index.php\/wp-json\/wp\/v2\/media\/15283"}],"wp:attachment":[{"href":"https:\/\/aderj.com.br\/index.php\/wp-json\/wp\/v2\/media?parent=15282"}],"wp:term":[{"taxonomy":"category","embeddable":true,"href":"https:\/\/aderj.com.br\/index.php\/wp-json\/wp\/v2\/categories?post=15282"},{"taxonomy":"post_tag","embeddable":true,"href":"https:\/\/aderj.com.br\/index.php\/wp-json\/wp\/v2\/tags?post=15282"}],"curies":[{"name":"wp","href":"https:\/\/api.w.org\/{rel}","templated":true}]}}