{"id":14989,"date":"2026-02-09T13:54:36","date_gmt":"2026-02-09T16:54:36","guid":{"rendered":"https:\/\/aderj.com.br\/?p=14989"},"modified":"2026-02-09T13:54:39","modified_gmt":"2026-02-09T16:54:39","slug":"como-garantir-que-toda-a-empresa-esteja-alinhada-em-seus-objetivos","status":"publish","type":"post","link":"https:\/\/aderj.com.br\/index.php\/2026\/02\/09\/como-garantir-que-toda-a-empresa-esteja-alinhada-em-seus-objetivos\/","title":{"rendered":"Como garantir que toda a empresa esteja alinhada em seus objetivos?"},"content":{"rendered":"\n<p class=\"has-text-align-left\">Um mercado altamente competitivo torna obrigat\u00f3rio o alinhamento entre a estrat\u00e9gia de uma empresa e a sua opera\u00e7\u00e3o.<\/p>\n\n\n\n<figure class=\"wp-block-image aligncenter size-full is-resized\"><img fetchpriority=\"high\" decoding=\"async\" width=\"471\" height=\"205\" src=\"https:\/\/aderj.com.br\/wp-content\/uploads\/2026\/02\/Captura-de-tela-2026-02-05-145450.png\" alt=\"\" class=\"wp-image-14990\" style=\"width:618px;height:auto\" \/><\/figure>\n\n\n\n<p>E, por incr\u00edvel que pare\u00e7a, isso n\u00e3o \u00e9 t\u00e3o \u00f3bvio. Um estudo realizado pela Harvard Business School, em 2010, apontou que:<\/p>\n\n\n\n<figure class=\"wp-block-image aligncenter size-full\"><img decoding=\"async\" width=\"671\" height=\"215\" src=\"https:\/\/aderj.com.br\/wp-content\/uploads\/2026\/02\/Captura-de-tela-2026-02-05-145601.png\" alt=\"\" class=\"wp-image-14991\" \/><\/figure>\n\n\n\n<p>O<strong> Alinhamento de Metas<\/strong> permite que toda a organiza\u00e7\u00e3o direcione as suas for\u00e7as em um mesmo sentido: <strong>a VIS\u00c3O.<\/strong> A metodologia capta e organiza informa\u00e7\u00f5es relevantes sobre o comportamento da concorr\u00eancia, dos clientes e de como a empresa est\u00e1 preparada para responder \u00e0s varia\u00e7\u00f5es do mercado como um todo. A partir da\u00ed, s\u00e3o implementados projetos estruturais para sustenta\u00e7\u00e3o das ambi\u00e7\u00f5es, alinhando as metas em todos os n\u00edveis e garantindo o comprometimento de todos os colaboradores a partir de um programa de incentivo sustent\u00e1vel. O caminho \u00e9 feito em seis grandes passos:<\/p>\n\n\n\n<figure class=\"wp-block-image aligncenter size-full\"><img decoding=\"async\" width=\"707\" height=\"347\" src=\"https:\/\/aderj.com.br\/wp-content\/uploads\/2026\/02\/Captura-de-tela-2026-02-05-145738.png\" alt=\"\" class=\"wp-image-14992\" \/><\/figure>\n\n\n\n<p>Uma das grandes riquezas da metodologia \u00e9 distinguir tr\u00eas tipos de metas:<\/p>\n\n\n\n<figure class=\"wp-block-image aligncenter size-full\"><img loading=\"lazy\" decoding=\"async\" width=\"704\" height=\"139\" src=\"https:\/\/aderj.com.br\/wp-content\/uploads\/2026\/02\/Captura-de-tela-2026-02-05-150328.png\" alt=\"\" class=\"wp-image-14993\" \/><\/figure>\n\n\n\n<p>Outro pilar fundamental do trabalho \u00e9 distinguir metas de projetos a partir da matriz de correla\u00e7\u00e3o. No passo 2, onde a correla\u00e7\u00e3o entre as iniciativas estrat\u00e9gicas e os processos de neg\u00f3cio for fraca, n\u00e3o adianta atribuir uma meta para resolver essa incapacidade. \u00c9 preciso estabelecer um <strong>projeto estrutural<\/strong>, envolvendo equipe multidisciplinar, com as dimens\u00f5es de <strong>prazo<\/strong> (cronograma), <strong>custo<\/strong> (investimentos) e <strong>qualidade<\/strong> (crit\u00e9rios de aceita\u00e7\u00e3o de cada entrega) muito bem definidos.<\/p>\n\n\n\n<p>E, para fechar com chave de ouro, precisamos garantir o alinhamento de todo o trabalho com o plano de incentivos da organiza\u00e7\u00e3o. Como diria o guru Eliyahu M. Goldratt, em seu livro A Meta: \u201c<strong>Diga-me como me medes, que te direi como me comportarei<\/strong>\u201d.<\/p>\n\n\n\n<p>J\u00e1 vimos centenas de empresas se transformarem completamente e alcan\u00e7arem outros patamares de resultados pela ado\u00e7\u00e3o cont\u00ednua dessa metodologia para tra\u00e7ar seu plano de longo prazo e alinhar, anualmente, todos os esfor\u00e7os entre as diferentes \u00e1reas e pessoas da organiza\u00e7\u00e3o.<\/p>\n\n\n\n<p><strong>Experimente voc\u00ea tamb\u00e9m! \u00c9 um caminho sem volta.<\/strong><\/p>\n\n\n\n<p><strong>Autor:<\/strong> Felipe Pires<br><strong>felipe.pires@aquila.com.br<\/strong><\/p>\n\n\n\n<figure class=\"wp-block-gallery has-nested-images columns-default is-cropped wp-block-gallery-1 is-layout-flex wp-block-gallery-is-layout-flex\">\n<figure class=\"wp-block-image size-large\"><img loading=\"lazy\" decoding=\"async\" width=\"1024\" height=\"1024\" data-id=\"14994\" src=\"https:\/\/aderj.com.br\/wp-content\/uploads\/2026\/02\/Newsletter-Aquila-quadrado-3-1024x1024.png\" alt=\"\" class=\"wp-image-14994\" srcset=\"https:\/\/aderj.com.br\/wp-content\/uploads\/2026\/02\/Newsletter-Aquila-quadrado-3-1024x1024.png 1024w, https:\/\/aderj.com.br\/wp-content\/uploads\/2026\/02\/Newsletter-Aquila-quadrado-3-300x300.png 300w, https:\/\/aderj.com.br\/wp-content\/uploads\/2026\/02\/Newsletter-Aquila-quadrado-3-150x150.png 150w, https:\/\/aderj.com.br\/wp-content\/uploads\/2026\/02\/Newsletter-Aquila-quadrado-3-768x768.png 768w, https:\/\/aderj.com.br\/wp-content\/uploads\/2026\/02\/Newsletter-Aquila-quadrado-3-1536x1536.png 1536w, https:\/\/aderj.com.br\/wp-content\/uploads\/2026\/02\/Newsletter-Aquila-quadrado-3.png 2000w\" sizes=\"(max-width: 1024px) 100vw, 1024px\" \/><\/figure>\n<\/figure>\n\n\n\n<figure class=\"wp-block-image size-large\"><img loading=\"lazy\" decoding=\"async\" width=\"1024\" height=\"1024\" src=\"https:\/\/aderj.com.br\/wp-content\/uploads\/2026\/01\/2-1024x1024.png\" alt=\"\" class=\"wp-image-14975\" srcset=\"https:\/\/aderj.com.br\/wp-content\/uploads\/2026\/01\/2-1024x1024.png 1024w, https:\/\/aderj.com.br\/wp-content\/uploads\/2026\/01\/2-300x300.png 300w, https:\/\/aderj.com.br\/wp-content\/uploads\/2026\/01\/2-150x150.png 150w, https:\/\/aderj.com.br\/wp-content\/uploads\/2026\/01\/2-768x768.png 768w, https:\/\/aderj.com.br\/wp-content\/uploads\/2026\/01\/2-1536x1536.png 1536w, https:\/\/aderj.com.br\/wp-content\/uploads\/2026\/01\/2.png 2000w\" sizes=\"(max-width: 1024px) 100vw, 1024px\" \/><\/figure>\n\n\n\n<p><\/p>\n","protected":false},"excerpt":{"rendered":"<p>Um mercado altamente competitivo torna obrigat\u00f3rio o alinhamento entre a estrat\u00e9gia de uma empresa e a sua opera\u00e7\u00e3o. E, por incr\u00edvel que pare\u00e7a, isso n\u00e3o \u00e9 t\u00e3o \u00f3bvio. Um estudo realizado pela Harvard Business School, em 2010, apontou que: O Alinhamento de Metas permite que toda a organiza\u00e7\u00e3o direcione as suas for\u00e7as em um mesmo sentido: a VIS\u00c3O. A metodologia capta e organiza informa\u00e7\u00f5es relevantes sobre o comportamento da concorr\u00eancia, dos clientes e de como a empresa est\u00e1 preparada para responder \u00e0s varia\u00e7\u00f5es do mercado como um todo. A partir da\u00ed, s\u00e3o implementados projetos estruturais para sustenta\u00e7\u00e3o das ambi\u00e7\u00f5es, alinhando as metas em todos os n\u00edveis e garantindo o comprometimento de todos os colaboradores a partir de um programa de incentivo sustent\u00e1vel. O caminho \u00e9 feito em seis grandes passos: Uma das grandes riquezas da metodologia \u00e9 distinguir tr\u00eas tipos de metas: Outro pilar fundamental do trabalho \u00e9 distinguir metas de projetos a partir da matriz de correla\u00e7\u00e3o. No passo 2, onde a correla\u00e7\u00e3o entre as iniciativas estrat\u00e9gicas e os processos de neg\u00f3cio for fraca, n\u00e3o adianta atribuir uma meta para resolver essa incapacidade. \u00c9 preciso estabelecer um projeto estrutural, envolvendo equipe multidisciplinar, com as dimens\u00f5es de prazo (cronograma), custo (investimentos) e qualidade (crit\u00e9rios de aceita\u00e7\u00e3o de cada entrega) muito bem definidos. E, para fechar com chave de ouro, precisamos garantir o alinhamento de todo o trabalho com o plano de incentivos da organiza\u00e7\u00e3o. Como diria o guru Eliyahu M. Goldratt, em seu livro A Meta: \u201cDiga-me como me medes, que te direi como me comportarei\u201d. J\u00e1 vimos centenas de empresas se transformarem completamente e alcan\u00e7arem outros patamares de resultados pela ado\u00e7\u00e3o cont\u00ednua dessa metodologia para tra\u00e7ar seu plano de longo prazo e alinhar, anualmente, todos os esfor\u00e7os entre as diferentes \u00e1reas e pessoas da organiza\u00e7\u00e3o. Experimente voc\u00ea tamb\u00e9m! \u00c9 um caminho sem volta. Autor: Felipe Piresfelipe.pires@aquila.com.br<\/p>\n","protected":false},"author":7,"featured_media":14976,"comment_status":"open","ping_status":"open","sticky":false,"template":"","format":"standard","meta":{"footnotes":""},"categories":[1],"tags":[],"class_list":["post-14989","post","type-post","status-publish","format-standard","has-post-thumbnail","hentry","category-blog"],"rttpg_featured_image_url":{"full":["https:\/\/aderj.com.br\/wp-content\/uploads\/2026\/01\/3.png",2000,2000,false],"landscape":["https:\/\/aderj.com.br\/wp-content\/uploads\/2026\/01\/3.png",2000,2000,false],"portraits":["https:\/\/aderj.com.br\/wp-content\/uploads\/2026\/01\/3.png",2000,2000,false],"thumbnail":["https:\/\/aderj.com.br\/wp-content\/uploads\/2026\/01\/3-150x150.png",150,150,true],"medium":["https:\/\/aderj.com.br\/wp-content\/uploads\/2026\/01\/3-300x300.png",300,300,true],"large":["https:\/\/aderj.com.br\/wp-content\/uploads\/2026\/01\/3-1024x1024.png",800,800,true],"1536x1536":["https:\/\/aderj.com.br\/wp-content\/uploads\/2026\/01\/3-1536x1536.png",1536,1536,true],"2048x2048":["https:\/\/aderj.com.br\/wp-content\/uploads\/2026\/01\/3.png",2000,2000,false]},"rttpg_author":{"display_name":"ADERJ","author_link":"https:\/\/aderj.com.br\/index.php\/author\/aderj\/"},"rttpg_comment":0,"rttpg_category":"<a href=\"https:\/\/aderj.com.br\/index.php\/category\/blog\/\" rel=\"category tag\">Blog<\/a>","rttpg_excerpt":"Um mercado altamente competitivo torna obrigat\u00f3rio o alinhamento entre a estrat\u00e9gia de uma empresa e a sua opera\u00e7\u00e3o. E, por incr\u00edvel que pare\u00e7a, isso n\u00e3o \u00e9 t\u00e3o \u00f3bvio. Um estudo realizado pela Harvard Business School, em 2010, apontou que: O Alinhamento de Metas permite que toda a organiza\u00e7\u00e3o direcione as suas for\u00e7as em um mesmo&hellip;","_links":{"self":[{"href":"https:\/\/aderj.com.br\/index.php\/wp-json\/wp\/v2\/posts\/14989","targetHints":{"allow":["GET"]}}],"collection":[{"href":"https:\/\/aderj.com.br\/index.php\/wp-json\/wp\/v2\/posts"}],"about":[{"href":"https:\/\/aderj.com.br\/index.php\/wp-json\/wp\/v2\/types\/post"}],"author":[{"embeddable":true,"href":"https:\/\/aderj.com.br\/index.php\/wp-json\/wp\/v2\/users\/7"}],"replies":[{"embeddable":true,"href":"https:\/\/aderj.com.br\/index.php\/wp-json\/wp\/v2\/comments?post=14989"}],"version-history":[{"count":3,"href":"https:\/\/aderj.com.br\/index.php\/wp-json\/wp\/v2\/posts\/14989\/revisions"}],"predecessor-version":[{"id":14997,"href":"https:\/\/aderj.com.br\/index.php\/wp-json\/wp\/v2\/posts\/14989\/revisions\/14997"}],"wp:featuredmedia":[{"embeddable":true,"href":"https:\/\/aderj.com.br\/index.php\/wp-json\/wp\/v2\/media\/14976"}],"wp:attachment":[{"href":"https:\/\/aderj.com.br\/index.php\/wp-json\/wp\/v2\/media?parent=14989"}],"wp:term":[{"taxonomy":"category","embeddable":true,"href":"https:\/\/aderj.com.br\/index.php\/wp-json\/wp\/v2\/categories?post=14989"},{"taxonomy":"post_tag","embeddable":true,"href":"https:\/\/aderj.com.br\/index.php\/wp-json\/wp\/v2\/tags?post=14989"}],"curies":[{"name":"wp","href":"https:\/\/api.w.org\/{rel}","templated":true}]}}