{"id":14890,"date":"2025-12-03T11:26:54","date_gmt":"2025-12-03T14:26:54","guid":{"rendered":"https:\/\/aderj.com.br\/?p=14890"},"modified":"2025-12-03T11:26:56","modified_gmt":"2025-12-03T14:26:56","slug":"reflexao-sobre-a-protecao-familiar-e-patrimonial","status":"publish","type":"post","link":"https:\/\/aderj.com.br\/index.php\/2025\/12\/03\/reflexao-sobre-a-protecao-familiar-e-patrimonial\/","title":{"rendered":"Reflex\u00e3o sobre a Prote\u00e7\u00e3o Familiar e Patrimonial"},"content":{"rendered":"\n<p>Resolvi escrever este texto em fun\u00e7\u00e3o do recente falecimento de um cliente, que cerca de dois meses antes me questionou se deveria manter o seguro de vida que tinha conosco.<\/p>\n\n\n\n<p>Um empres\u00e1rio jovem, com dois filhos com menos de 10 anos e em fase de forma\u00e7\u00e3o de patrim\u00f4nio. Em fun\u00e7\u00e3o desse hist\u00f3rico disse que n\u00e3o deveria cancelar o seguro, com capital de R$ 500 mil. Apesar de t\u00ea-lo convencido a n\u00e3o cancelar, fiquei na mente que este assunto retornaria mais a frente. &nbsp;<\/p>\n\n\n\n<p>Cerca de dois meses ap\u00f3s esta conversa, sofreu um acidente de motocicleta e faleceu. Como possu\u00eda a cobertura de indeniza\u00e7\u00e3o especial por morte acidental (IEA), o capital foi pago em dobro e a fam\u00edlia recebeu R$ 1 milh\u00e3o. &nbsp;<\/p>\n\n\n\n<p>Tenho certeza de que valor algum repara essa perda, mas o seguro de vida ir\u00e1 garantir a educa\u00e7\u00e3o dos filhos e mais seguran\u00e7a para a fam\u00edlia se restabelecer.&nbsp; &nbsp;<\/p>\n\n\n\n<p>O <strong>seguro de vida \u00e9 uma das formas mais respons\u00e1veis e eficazes de proteger quem voc\u00ea ama e o patrim\u00f4nio que voc\u00ea construiu com tanto esfor\u00e7o<\/strong>. Muitas pessoas associam o seguro de vida exclusivamente \u00e0 morte, mas ele vai muito al\u00e9m disso: trata-se de um instrumento de prote\u00e7\u00e3o financeira contra imprevistos que podem impactar diretamente a estabilidade da fam\u00edlia. <strong>Realidade do acesso no Brasil<\/strong><\/p>\n\n\n\n<p>Cerca de <strong>apenas 18% da popula\u00e7\u00e3o brasileira adulta<\/strong> possui um seguro de vida, sendo que a maioria (58%) desses seguros s\u00e3o coletivos, ou seja, contratados por empresas para seus colaboradores. Sendo, na maioria, em fun\u00e7\u00e3o de acordos coletivos de trabalho, que n\u00e3o possuem uma cobertura adequada para a realidade dos colaboradores. A baixa ades\u00e3o est\u00e1 ligada ao desconhecimento, a percep\u00e7\u00e3o de que o seguro \u00e9 caro e a processos de contrata\u00e7\u00e3o burocr\u00e1ticos.<\/p>\n\n\n\n<p><strong>Nos EUA, 90% da popula\u00e7\u00e3o<\/strong> tem um seguro de vida, sendo em muitos casos contratados logo ap\u00f3s o nascimento (no Brasil isso n\u00e3o \u00e9 poss\u00edvel, pois at\u00e9 14 anos s\u00f3 se cobre as despesas com funeral).<\/p>\n\n\n\n<p>A falta de um seguro de vida transfere para o indiv\u00edduo e sua fam\u00edlia a responsabilidade integral por custos que v\u00e3o da reabilita\u00e7\u00e3o a perda de renda, em um cen\u00e1rio em que <strong>apenas 20% dos brasileiros se sentem financeiramente preparados<\/strong> para lidar com emerg\u00eancias graves.<\/p>\n\n\n\n<p>Muitas pessoas acreditam que seguro de vida \u00e9 algo caro ou inacess\u00edvel, mas hoje \u00e9 poss\u00edvel contratar um <strong>seguro por menos de R$ 10,00<\/strong> e ter um capital de R$ 1 milh\u00e3o por menos de R$ 100,00 (dependendo da idade e das coberturas escolhidas). &nbsp;<\/p>\n\n\n\n<p><strong>Imprevistos acontecem \u2014 e ningu\u00e9m est\u00e1 imune<\/strong><\/p>\n\n\n\n<p><strong>Acidentes, doen\u00e7as graves, invalidez permanente ou tempor\u00e1ria<\/strong>\u2026 s\u00e3o situa\u00e7\u00f5es que podem acontecer com qualquer pessoa, em qualquer fase da vida. E quando isso ocorre, al\u00e9m do abalo emocional, \u00e9 comum surgirem despesas inesperadas, perda de renda e at\u00e9 o risco de comprometimento do padr\u00e3o de vida da fam\u00edlia.<\/p>\n\n\n\n<p>\u00c9 a\u00ed que entra o seguro de vida. Ele <strong>n\u00e3o evita que o imprevisto aconte\u00e7a<\/strong>, <strong>mas garante que, caso ocorra, voc\u00ea e sua fam\u00edlia estar\u00e3o financeiramente amparados<\/strong>.<\/p>\n\n\n\n<p><strong>Mais do que prote\u00e7\u00e3o em caso de falecimento<\/strong><\/p>\n\n\n\n<p>O seguro de vida moderno oferece coberturas que v\u00e3o <strong>muito al\u00e9m da indeniza\u00e7\u00e3o por morte<\/strong>. Entre as principais, destacam-se:<\/p>\n\n\n\n<ul class=\"wp-block-list\">\n<li><strong>Invalidez<\/strong> permanente total ou parcial (por acidente ou doen\u00e7a).<\/li>\n\n\n\n<li><strong>Doen\u00e7as graves<\/strong>, como c\u00e2ncer, AVC, infarto, entre outras.<\/li>\n\n\n\n<li><strong>Despesas m\u00e9dicas<\/strong>, hospitalares ou odontol\u00f3gicas emergenciais.<\/li>\n\n\n\n<li><strong>Di\u00e1rias por incapacidade tempor\u00e1ria<\/strong>, garantindo renda enquanto o segurado se recupera.<\/li>\n\n\n\n<li><strong>Assist\u00eancia funeral<\/strong>, aliviando a fam\u00edlia de gastos e preocupa\u00e7\u00f5es num momento delicado.<\/li>\n<\/ul>\n\n\n\n<p>Essas coberturas s\u00e3o fundamentais para <strong>preservar o patrim\u00f4nio, evitar d\u00edvidas e manter a qualidade de vida da fam\u00edlia<\/strong> mesmo diante de adversidades.<\/p>\n\n\n\n<p><strong>Sucess\u00e3o Patrimonial<\/strong><\/p>\n\n\n\n<p><strong>Sem planejamento, <\/strong>o processo de invent\u00e1rio no Brasil pode comprometer<strong> at\u00e9 40% do valor do patrim\u00f4nio <\/strong>envolvido, dependendo de diversos fatores como o Estado onde se processa, o valor dos bens e se o processo \u00e9 judicial ou extrajudicial. Os principais custos que comp\u00f5em esse percentual s\u00e3o os <strong>impostos<\/strong> (ITCMD \u2013 varia de 2% a 8%), <strong>honor\u00e1rios advocat\u00edcios<\/strong>, <strong>custas judiciais<\/strong>, al\u00e9m de uma eventual <strong>perda patrimonial<\/strong> para arcar com as despesas do invent\u00e1rio. Neste contexto, um seguro de vida:<\/p>\n\n\n\n<ul class=\"wp-block-list\">\n<li>Garante recursos imediatos aos herdeiros.<\/li>\n\n\n\n<li>Reduz o impacto tribut\u00e1rio.<\/li>\n\n\n\n<li>Preserva o patrim\u00f4nio da fam\u00edlia.<\/li>\n<\/ul>\n\n\n\n<p>O seguro de vida tamb\u00e9m \u00e9 uma <strong>excelente alternativa para o acordo de acionistas<\/strong>, facilitando a recompra da participa\u00e7\u00e3o de um acionista, no caso do seu falecimento.<\/p>\n\n\n\n<p><strong>Um gesto de cuidado e responsabilidade<\/strong><\/p>\n\n\n\n<p>Contratar um seguro de vida \u00e9 um <strong>ato de planejamento e amor<\/strong>. \u00c9 garantir que, mesmo na sua aus\u00eancia ou diante de uma limita\u00e7\u00e3o, sua fam\u00edlia tenha os recursos necess\u00e1rios para <strong>seguir em frente, com seguran\u00e7a e dignidade<\/strong>.<\/p>\n\n\n\n<p><strong>Quando uma fam\u00edlia est\u00e1 protegida<\/strong>, tem mais seguran\u00e7a para consumir, menos depend\u00eancia do Estado e mais capacidade de se reerguer diante de uma adversidade.<\/p>\n\n\n\n<p>Diante de um cen\u00e1rio marcado por incertezas econ\u00f4micas, envelhecimento da popula\u00e7\u00e3o e crescimento do trabalho informal, o seguro de vida se consolida como um dos <strong>pilares do planejamento financeiro<\/strong> no Brasil.<\/p>\n\n\n\n<p>Portanto, se voc\u00ea s\u00f3 tem o <strong>seguro de vida contratado por sua empresa<\/strong> <strong>ou n\u00e3o tem um seguro de vida ou ainda n\u00e3o revisa sua ap\u00f3lice h\u00e1 algum tempo<\/strong>, entre em contato com a <strong>Fiduciam Corretora de Seguros<\/strong> e busque uma orienta\u00e7\u00e3o acerca do seu momento de vida. <strong>Afinal, a vida \u00e9 imprevis\u00edvel<\/strong> \u2014 mas os danos causados pelos imprevistos podem (e devem) ser minimizados.<\/p>\n\n\n\n<p><strong>Carlos Renato Martins de Queiroz<\/strong><\/p>\n\n\n\n<p><strong>CEO da Fiduciam Corretora de Seguros<\/strong><\/p>\n\n\n\n<p><strong>(21) 98399-1166 carlosqueiroz@fiduciam.com.br<\/strong><\/p>\n","protected":false},"excerpt":{"rendered":"<p>Resolvi escrever este texto em fun\u00e7\u00e3o do recente falecimento de um cliente, que cerca de dois meses antes me questionou se deveria manter o seguro de vida que tinha conosco. Um empres\u00e1rio jovem, com dois filhos com menos de 10 anos e em fase de forma\u00e7\u00e3o de patrim\u00f4nio. Em fun\u00e7\u00e3o desse hist\u00f3rico disse que n\u00e3o deveria cancelar o seguro, com capital de R$ 500 mil. Apesar de t\u00ea-lo convencido a n\u00e3o cancelar, fiquei na mente que este assunto retornaria mais a frente. &nbsp; Cerca de dois meses ap\u00f3s esta conversa, sofreu um acidente de motocicleta e faleceu. Como possu\u00eda a cobertura de indeniza\u00e7\u00e3o especial por morte acidental (IEA), o capital foi pago em dobro e a fam\u00edlia recebeu R$ 1 milh\u00e3o. &nbsp; Tenho certeza de que valor algum repara essa perda, mas o seguro de vida ir\u00e1 garantir a educa\u00e7\u00e3o dos filhos e mais seguran\u00e7a para a fam\u00edlia se restabelecer.&nbsp; &nbsp; O seguro de vida \u00e9 uma das formas mais respons\u00e1veis e eficazes de proteger quem voc\u00ea ama e o patrim\u00f4nio que voc\u00ea construiu com tanto esfor\u00e7o. Muitas pessoas associam o seguro de vida exclusivamente \u00e0 morte, mas ele vai muito al\u00e9m disso: trata-se de um instrumento de prote\u00e7\u00e3o financeira contra imprevistos que podem impactar diretamente a estabilidade da fam\u00edlia. Realidade do acesso no Brasil Cerca de apenas 18% da popula\u00e7\u00e3o brasileira adulta possui um seguro de vida, sendo que a maioria (58%) desses seguros s\u00e3o coletivos, ou seja, contratados por empresas para seus colaboradores. Sendo, na maioria, em fun\u00e7\u00e3o de acordos coletivos de trabalho, que n\u00e3o possuem uma cobertura adequada para a realidade dos colaboradores. A baixa ades\u00e3o est\u00e1 ligada ao desconhecimento, a percep\u00e7\u00e3o de que o seguro \u00e9 caro e a processos de contrata\u00e7\u00e3o burocr\u00e1ticos. Nos EUA, 90% da popula\u00e7\u00e3o tem um seguro de vida, sendo em muitos casos contratados logo ap\u00f3s o nascimento (no Brasil isso n\u00e3o \u00e9 poss\u00edvel, pois at\u00e9 14 anos s\u00f3 se cobre as despesas com funeral). A falta de um seguro de vida transfere para o indiv\u00edduo e sua fam\u00edlia a responsabilidade integral por custos que v\u00e3o da reabilita\u00e7\u00e3o a perda de renda, em um cen\u00e1rio em que apenas 20% dos brasileiros se sentem financeiramente preparados para lidar com emerg\u00eancias graves. Muitas pessoas acreditam que seguro de vida \u00e9 algo caro ou inacess\u00edvel, mas hoje \u00e9 poss\u00edvel contratar um seguro por menos de R$ 10,00 e ter um capital de R$ 1 milh\u00e3o por menos de R$ 100,00 (dependendo da idade e das coberturas escolhidas). &nbsp; Imprevistos acontecem \u2014 e ningu\u00e9m est\u00e1 imune Acidentes, doen\u00e7as graves, invalidez permanente ou tempor\u00e1ria\u2026 s\u00e3o situa\u00e7\u00f5es que podem acontecer com qualquer pessoa, em qualquer fase da vida. E quando isso ocorre, al\u00e9m do abalo emocional, \u00e9 comum surgirem despesas inesperadas, perda de renda e at\u00e9 o risco de comprometimento do padr\u00e3o de vida da fam\u00edlia. \u00c9 a\u00ed que entra o seguro de vida. Ele n\u00e3o evita que o imprevisto aconte\u00e7a, mas garante que, caso ocorra, voc\u00ea e sua fam\u00edlia estar\u00e3o financeiramente amparados. Mais do que prote\u00e7\u00e3o em caso de falecimento O seguro de vida moderno oferece coberturas que v\u00e3o muito al\u00e9m da indeniza\u00e7\u00e3o por morte. Entre as principais, destacam-se: Essas coberturas s\u00e3o fundamentais para preservar o patrim\u00f4nio, evitar d\u00edvidas e manter a qualidade de vida da fam\u00edlia mesmo diante de adversidades. Sucess\u00e3o Patrimonial Sem planejamento, o processo de invent\u00e1rio no Brasil pode comprometer at\u00e9 40% do valor do patrim\u00f4nio envolvido, dependendo de diversos fatores como o Estado onde se processa, o valor dos bens e se o processo \u00e9 judicial ou extrajudicial. Os principais custos que comp\u00f5em esse percentual s\u00e3o os impostos (ITCMD \u2013 varia de 2% a 8%), honor\u00e1rios advocat\u00edcios, custas judiciais, al\u00e9m de uma eventual perda patrimonial para arcar com as despesas do invent\u00e1rio. Neste contexto, um seguro de vida: O seguro de vida tamb\u00e9m \u00e9 uma excelente alternativa para o acordo de acionistas, facilitando a recompra da participa\u00e7\u00e3o de um acionista, no caso do seu falecimento. Um gesto de cuidado e responsabilidade Contratar um seguro de vida \u00e9 um ato de planejamento e amor. \u00c9 garantir que, mesmo na sua aus\u00eancia ou diante de uma limita\u00e7\u00e3o, sua fam\u00edlia tenha os recursos necess\u00e1rios para seguir em frente, com seguran\u00e7a e dignidade. Quando uma fam\u00edlia est\u00e1 protegida, tem mais seguran\u00e7a para consumir, menos depend\u00eancia do Estado e mais capacidade de se reerguer diante de uma adversidade. Diante de um cen\u00e1rio marcado por incertezas econ\u00f4micas, envelhecimento da popula\u00e7\u00e3o e crescimento do trabalho informal, o seguro de vida se consolida como um dos pilares do planejamento financeiro no Brasil. Portanto, se voc\u00ea s\u00f3 tem o seguro de vida contratado por sua empresa ou n\u00e3o tem um seguro de vida ou ainda n\u00e3o revisa sua ap\u00f3lice h\u00e1 algum tempo, entre em contato com a Fiduciam Corretora de Seguros e busque uma orienta\u00e7\u00e3o acerca do seu momento de vida. Afinal, a vida \u00e9 imprevis\u00edvel \u2014 mas os danos causados pelos imprevistos podem (e devem) ser minimizados. Carlos Renato Martins de Queiroz CEO da Fiduciam Corretora de Seguros (21) 98399-1166 carlosqueiroz@fiduciam.com.br<\/p>\n","protected":false},"author":7,"featured_media":14892,"comment_status":"open","ping_status":"open","sticky":false,"template":"","format":"standard","meta":{"footnotes":""},"categories":[1],"tags":[],"class_list":["post-14890","post","type-post","status-publish","format-standard","has-post-thumbnail","hentry","category-blog"],"rttpg_featured_image_url":{"full":["https:\/\/aderj.com.br\/wp-content\/uploads\/2025\/12\/Design-sem-nome-7.png",400,400,false],"landscape":["https:\/\/aderj.com.br\/wp-content\/uploads\/2025\/12\/Design-sem-nome-7.png",400,400,false],"portraits":["https:\/\/aderj.com.br\/wp-content\/uploads\/2025\/12\/Design-sem-nome-7.png",400,400,false],"thumbnail":["https:\/\/aderj.com.br\/wp-content\/uploads\/2025\/12\/Design-sem-nome-7-150x150.png",150,150,true],"medium":["https:\/\/aderj.com.br\/wp-content\/uploads\/2025\/12\/Design-sem-nome-7-300x300.png",300,300,true],"large":["https:\/\/aderj.com.br\/wp-content\/uploads\/2025\/12\/Design-sem-nome-7.png",400,400,false],"1536x1536":["https:\/\/aderj.com.br\/wp-content\/uploads\/2025\/12\/Design-sem-nome-7.png",400,400,false],"2048x2048":["https:\/\/aderj.com.br\/wp-content\/uploads\/2025\/12\/Design-sem-nome-7.png",400,400,false]},"rttpg_author":{"display_name":"ADERJ","author_link":"https:\/\/aderj.com.br\/index.php\/author\/aderj\/"},"rttpg_comment":0,"rttpg_category":"<a href=\"https:\/\/aderj.com.br\/index.php\/category\/blog\/\" rel=\"category tag\">Blog<\/a>","rttpg_excerpt":"Resolvi escrever este texto em fun\u00e7\u00e3o do recente falecimento de um cliente, que cerca de dois meses antes me questionou se deveria manter o seguro de vida que tinha conosco. Um empres\u00e1rio jovem, com dois filhos com menos de 10 anos e em fase de forma\u00e7\u00e3o de patrim\u00f4nio. Em fun\u00e7\u00e3o desse hist\u00f3rico disse que n\u00e3o&hellip;","_links":{"self":[{"href":"https:\/\/aderj.com.br\/index.php\/wp-json\/wp\/v2\/posts\/14890","targetHints":{"allow":["GET"]}}],"collection":[{"href":"https:\/\/aderj.com.br\/index.php\/wp-json\/wp\/v2\/posts"}],"about":[{"href":"https:\/\/aderj.com.br\/index.php\/wp-json\/wp\/v2\/types\/post"}],"author":[{"embeddable":true,"href":"https:\/\/aderj.com.br\/index.php\/wp-json\/wp\/v2\/users\/7"}],"replies":[{"embeddable":true,"href":"https:\/\/aderj.com.br\/index.php\/wp-json\/wp\/v2\/comments?post=14890"}],"version-history":[{"count":1,"href":"https:\/\/aderj.com.br\/index.php\/wp-json\/wp\/v2\/posts\/14890\/revisions"}],"predecessor-version":[{"id":14893,"href":"https:\/\/aderj.com.br\/index.php\/wp-json\/wp\/v2\/posts\/14890\/revisions\/14893"}],"wp:featuredmedia":[{"embeddable":true,"href":"https:\/\/aderj.com.br\/index.php\/wp-json\/wp\/v2\/media\/14892"}],"wp:attachment":[{"href":"https:\/\/aderj.com.br\/index.php\/wp-json\/wp\/v2\/media?parent=14890"}],"wp:term":[{"taxonomy":"category","embeddable":true,"href":"https:\/\/aderj.com.br\/index.php\/wp-json\/wp\/v2\/categories?post=14890"},{"taxonomy":"post_tag","embeddable":true,"href":"https:\/\/aderj.com.br\/index.php\/wp-json\/wp\/v2\/tags?post=14890"}],"curies":[{"name":"wp","href":"https:\/\/api.w.org\/{rel}","templated":true}]}}