{"id":14820,"date":"2025-10-29T12:20:58","date_gmt":"2025-10-29T15:20:58","guid":{"rendered":"https:\/\/aderj.com.br\/?p=14820"},"modified":"2025-10-29T12:21:00","modified_gmt":"2025-10-29T15:21:00","slug":"um-marco-na-historia-do-mercado-sao-sebastiao","status":"publish","type":"post","link":"https:\/\/aderj.com.br\/index.php\/2025\/10\/29\/um-marco-na-historia-do-mercado-sao-sebastiao\/","title":{"rendered":"Um marco na hist\u00f3ria do Mercado S\u00e3o Sebasti\u00e3o!"},"content":{"rendered":"\n<p>Na manh\u00e3 da \u00faltima ter\u00e7a-feira, 28 de outubro, foi inaugurada a 57\u00aa base do programa <strong>Seguran\u00e7a Presente<\/strong> no <strong>Mercado S\u00e3o Sebasti\u00e3o<\/strong>, na Zona Norte do Rio de Janeiro. A conquista \u00e9 fruto de uma luta conjunta da Associa\u00e7\u00e3o Renova Mercado S\u00e3o Sebasti\u00e3o, em parceria com a <strong>ADERJ &#8211; <\/strong>Associa\u00e7\u00e3o de Atacadistas e Distribuidores do Estado do Rio de Janeiro e outras entidades, que pleitearam junto ao Governo do Estado a instala\u00e7\u00e3o da base, garantindo mais seguran\u00e7a e tranquilidade para comerciantes, trabalhadores e frequentadores do mercado.<\/p>\n\n\n\n<p>Dentre as institui\u00e7\u00f5es que fazem parte deste esfor\u00e7o conjunto est\u00e3o: a BGA-RJ \u2013 Bolsa de G\u00eaneros Aliment\u00edcios do Estado do Rio de Janeiro, a ASSERJ \u2013 Associa\u00e7\u00e3o dos Supermercados do Estado do Rio de Janeiro, e o Condom\u00ednio do Edif\u00edcio Pal\u00e1cio da Bolsa e Anexo Waldemar Pereira Velloso.<\/p>\n\n\n\n<p>A cerim\u00f4nia reuniu autoridades governamentais, empres\u00e1rios e representantes do setor produtivo fluminense, e contou com a presen\u00e7a do Sr. Jorge Menendes, presidente da ADERJ; Sr. F\u00e1bio Queir\u00f3z, presidente da ASSERJ; Sr. Everaldo Nascimento, presidente da BGA-RJ; Sr. Eduardo Ribeiro, presidente da Renova; Sr. Filipe Coelho, presidente do SINDICARGA e Sr. Jos\u00e9 de Sousa, do Condom\u00ednio Pal\u00e1cio da Bolsa.<\/p>\n\n\n\n<p>Entre as autoridades estavam presentes o Sr. Rosenverg Reis, Deputado Estadual, Sr. M\u00e1rcio Gualberto, Deputado Estadual, e o Sr. Vitor Hugo, Vereador do Munic\u00edpio do Rio de Janeiro, a V. Ex.\u00aa. Andr\u00e9 Moura, Secret\u00e1rio de Governo, e a V. Ex.\u00aa Jeanine Domenech, Subsecret\u00e1ria de Governo.<\/p>\n\n\n\n<p>O evento foi encerrado com uma homenagem especial: Jeanine Domenech recebeu um buqu\u00ea de flores das m\u00e3os da Sra. Ana Cristina Cerqueira, superintendente-executiva da ADERJ, em reconhecimento ao apoio e \u00e0 aten\u00e7\u00e3o dedicados ao Mercado S\u00e3o Sebasti\u00e3o.<\/p>\n\n\n\n<p>O Programa Seguran\u00e7a Presente, mantido e ampliado na gest\u00e3o do Governador Cl\u00e1udio Castro, refor\u00e7a o compromisso do Governo do Estado e das entidades parceiras com a revitaliza\u00e7\u00e3o e o fortalecimento do Mercado S\u00e3o Sebasti\u00e3o, promovendo um ambiente mais seguro, valorizado e prop\u00edcio ao crescimento do com\u00e9rcio.<\/p>\n\n\n\n<p>ADERJ: unindo ideias para distribuir benef\u00edcios!<\/p>\n\n\n\n\n\n<figure class=\"wp-block-gallery has-nested-images columns-default is-cropped wp-block-gallery-1 is-layout-flex wp-block-gallery-is-layout-flex\">\n<figure class=\"wp-block-image size-large\"><img fetchpriority=\"high\" decoding=\"async\" width=\"963\" height=\"617\" data-id=\"14834\" src=\"https:\/\/aderj.com.br\/wp-content\/uploads\/2025\/10\/WhatsApp-Image-2025-10-29-at-12.14.22.jpeg\" alt=\"\" class=\"wp-image-14834\" \/><\/figure>\n\n\n\n<figure class=\"wp-block-image size-large\"><img decoding=\"async\" width=\"1024\" height=\"1024\" data-id=\"14833\" src=\"https:\/\/aderj.com.br\/wp-content\/uploads\/2025\/10\/DSCF9871-1024x1024.jpg\" alt=\"\" class=\"wp-image-14833\" srcset=\"https:\/\/aderj.com.br\/wp-content\/uploads\/2025\/10\/DSCF9871-1024x1024.jpg 1024w, https:\/\/aderj.com.br\/wp-content\/uploads\/2025\/10\/DSCF9871-300x300.jpg 300w, https:\/\/aderj.com.br\/wp-content\/uploads\/2025\/10\/DSCF9871-150x150.jpg 150w, https:\/\/aderj.com.br\/wp-content\/uploads\/2025\/10\/DSCF9871-768x768.jpg 768w\" sizes=\"(max-width: 1024px) 100vw, 1024px\" \/><\/figure>\n\n\n\n<figure class=\"wp-block-image size-large\"><img decoding=\"async\" width=\"1024\" height=\"1024\" data-id=\"14832\" src=\"https:\/\/aderj.com.br\/wp-content\/uploads\/2025\/10\/DSCF9855-1024x1024.jpg\" alt=\"\" class=\"wp-image-14832\" srcset=\"https:\/\/aderj.com.br\/wp-content\/uploads\/2025\/10\/DSCF9855-1024x1024.jpg 1024w, https:\/\/aderj.com.br\/wp-content\/uploads\/2025\/10\/DSCF9855-300x300.jpg 300w, https:\/\/aderj.com.br\/wp-content\/uploads\/2025\/10\/DSCF9855-150x150.jpg 150w, https:\/\/aderj.com.br\/wp-content\/uploads\/2025\/10\/DSCF9855-768x768.jpg 768w\" sizes=\"(max-width: 1024px) 100vw, 1024px\" \/><\/figure>\n\n\n\n<figure class=\"wp-block-image size-large\"><img loading=\"lazy\" decoding=\"async\" width=\"1024\" height=\"1024\" data-id=\"14831\" src=\"https:\/\/aderj.com.br\/wp-content\/uploads\/2025\/10\/DSCF9910-1024x1024.jpg\" alt=\"\" class=\"wp-image-14831\" srcset=\"https:\/\/aderj.com.br\/wp-content\/uploads\/2025\/10\/DSCF9910-1024x1024.jpg 1024w, https:\/\/aderj.com.br\/wp-content\/uploads\/2025\/10\/DSCF9910-300x300.jpg 300w, https:\/\/aderj.com.br\/wp-content\/uploads\/2025\/10\/DSCF9910-150x150.jpg 150w, https:\/\/aderj.com.br\/wp-content\/uploads\/2025\/10\/DSCF9910-768x768.jpg 768w\" sizes=\"(max-width: 1024px) 100vw, 1024px\" \/><\/figure>\n\n\n\n<figure class=\"wp-block-image size-large\"><img loading=\"lazy\" decoding=\"async\" width=\"1024\" height=\"1024\" data-id=\"14830\" src=\"https:\/\/aderj.com.br\/wp-content\/uploads\/2025\/10\/DSCF0149-1024x1024.jpg\" alt=\"\" class=\"wp-image-14830\" srcset=\"https:\/\/aderj.com.br\/wp-content\/uploads\/2025\/10\/DSCF0149-1024x1024.jpg 1024w, https:\/\/aderj.com.br\/wp-content\/uploads\/2025\/10\/DSCF0149-300x300.jpg 300w, https:\/\/aderj.com.br\/wp-content\/uploads\/2025\/10\/DSCF0149-150x150.jpg 150w, https:\/\/aderj.com.br\/wp-content\/uploads\/2025\/10\/DSCF0149-768x768.jpg 768w\" sizes=\"(max-width: 1024px) 100vw, 1024px\" \/><\/figure>\n\n\n\n<figure class=\"wp-block-image size-large\"><img loading=\"lazy\" decoding=\"async\" width=\"960\" height=\"1024\" data-id=\"14829\" src=\"https:\/\/aderj.com.br\/wp-content\/uploads\/2025\/10\/WhatsApp-Image-2025-10-28-at-12.50.37-960x1024.jpeg\" alt=\"\" class=\"wp-image-14829\" \/><\/figure>\n\n\n\n<figure class=\"wp-block-image size-large\"><img loading=\"lazy\" decoding=\"async\" width=\"1024\" height=\"1024\" data-id=\"14828\" src=\"https:\/\/aderj.com.br\/wp-content\/uploads\/2025\/10\/DSCF9918-1024x1024.jpg\" alt=\"\" class=\"wp-image-14828\" srcset=\"https:\/\/aderj.com.br\/wp-content\/uploads\/2025\/10\/DSCF9918-1024x1024.jpg 1024w, https:\/\/aderj.com.br\/wp-content\/uploads\/2025\/10\/DSCF9918-300x300.jpg 300w, https:\/\/aderj.com.br\/wp-content\/uploads\/2025\/10\/DSCF9918-150x150.jpg 150w, https:\/\/aderj.com.br\/wp-content\/uploads\/2025\/10\/DSCF9918-768x768.jpg 768w\" sizes=\"(max-width: 1024px) 100vw, 1024px\" \/><\/figure>\n\n\n\n<figure class=\"wp-block-image size-large\"><img loading=\"lazy\" decoding=\"async\" width=\"1024\" height=\"1024\" data-id=\"14827\" src=\"https:\/\/aderj.com.br\/wp-content\/uploads\/2025\/10\/DSCF9964-1024x1024.jpg\" alt=\"\" class=\"wp-image-14827\" srcset=\"https:\/\/aderj.com.br\/wp-content\/uploads\/2025\/10\/DSCF9964-1024x1024.jpg 1024w, https:\/\/aderj.com.br\/wp-content\/uploads\/2025\/10\/DSCF9964-300x300.jpg 300w, https:\/\/aderj.com.br\/wp-content\/uploads\/2025\/10\/DSCF9964-150x150.jpg 150w, https:\/\/aderj.com.br\/wp-content\/uploads\/2025\/10\/DSCF9964-768x768.jpg 768w\" sizes=\"(max-width: 1024px) 100vw, 1024px\" \/><\/figure>\n\n\n\n<figure class=\"wp-block-image size-large\"><img loading=\"lazy\" decoding=\"async\" width=\"1024\" height=\"1024\" data-id=\"14826\" src=\"https:\/\/aderj.com.br\/wp-content\/uploads\/2025\/10\/DSCF0090-1024x1024.jpg\" alt=\"\" class=\"wp-image-14826\" srcset=\"https:\/\/aderj.com.br\/wp-content\/uploads\/2025\/10\/DSCF0090-1024x1024.jpg 1024w, https:\/\/aderj.com.br\/wp-content\/uploads\/2025\/10\/DSCF0090-300x300.jpg 300w, https:\/\/aderj.com.br\/wp-content\/uploads\/2025\/10\/DSCF0090-150x150.jpg 150w, https:\/\/aderj.com.br\/wp-content\/uploads\/2025\/10\/DSCF0090-768x768.jpg 768w\" sizes=\"(max-width: 1024px) 100vw, 1024px\" \/><\/figure>\n\n\n\n<figure class=\"wp-block-image size-large\"><img loading=\"lazy\" decoding=\"async\" width=\"1024\" height=\"1024\" data-id=\"14824\" src=\"https:\/\/aderj.com.br\/wp-content\/uploads\/2025\/10\/DSCF0107-1024x1024.jpg\" alt=\"\" class=\"wp-image-14824\" srcset=\"https:\/\/aderj.com.br\/wp-content\/uploads\/2025\/10\/DSCF0107-1024x1024.jpg 1024w, https:\/\/aderj.com.br\/wp-content\/uploads\/2025\/10\/DSCF0107-300x300.jpg 300w, https:\/\/aderj.com.br\/wp-content\/uploads\/2025\/10\/DSCF0107-150x150.jpg 150w, https:\/\/aderj.com.br\/wp-content\/uploads\/2025\/10\/DSCF0107-768x768.jpg 768w\" sizes=\"(max-width: 1024px) 100vw, 1024px\" \/><\/figure>\n\n\n\n<figure class=\"wp-block-image size-large\"><img loading=\"lazy\" decoding=\"async\" width=\"1024\" height=\"1024\" data-id=\"14825\" src=\"https:\/\/aderj.com.br\/wp-content\/uploads\/2025\/10\/DSCF9928-1024x1024.jpg\" alt=\"\" class=\"wp-image-14825\" srcset=\"https:\/\/aderj.com.br\/wp-content\/uploads\/2025\/10\/DSCF9928-1024x1024.jpg 1024w, https:\/\/aderj.com.br\/wp-content\/uploads\/2025\/10\/DSCF9928-300x300.jpg 300w, https:\/\/aderj.com.br\/wp-content\/uploads\/2025\/10\/DSCF9928-150x150.jpg 150w, https:\/\/aderj.com.br\/wp-content\/uploads\/2025\/10\/DSCF9928-768x768.jpg 768w\" sizes=\"(max-width: 1024px) 100vw, 1024px\" \/><\/figure>\n\n\n\n<figure class=\"wp-block-image size-large\"><img loading=\"lazy\" decoding=\"async\" width=\"1024\" height=\"853\" data-id=\"14822\" src=\"https:\/\/aderj.com.br\/wp-content\/uploads\/2025\/10\/WhatsApp-Image-2025-10-29-at-10.45.35-1-1024x853.jpeg\" alt=\"\" class=\"wp-image-14822\" \/><\/figure>\n\n\n\n<figure class=\"wp-block-image size-large\"><img loading=\"lazy\" decoding=\"async\" width=\"1024\" height=\"1024\" data-id=\"14821\" src=\"https:\/\/aderj.com.br\/wp-content\/uploads\/2025\/10\/DSCF0118-1024x1024.jpg\" alt=\"\" class=\"wp-image-14821\" srcset=\"https:\/\/aderj.com.br\/wp-content\/uploads\/2025\/10\/DSCF0118-1024x1024.jpg 1024w, https:\/\/aderj.com.br\/wp-content\/uploads\/2025\/10\/DSCF0118-300x300.jpg 300w, https:\/\/aderj.com.br\/wp-content\/uploads\/2025\/10\/DSCF0118-150x150.jpg 150w, https:\/\/aderj.com.br\/wp-content\/uploads\/2025\/10\/DSCF0118-768x768.jpg 768w\" sizes=\"(max-width: 1024px) 100vw, 1024px\" \/><\/figure>\n<\/figure>\n\n\n\n<p><\/p>\n","protected":false},"excerpt":{"rendered":"<p>Na manh\u00e3 da \u00faltima ter\u00e7a-feira, 28 de outubro, foi inaugurada a 57\u00aa base do programa Seguran\u00e7a Presente no Mercado S\u00e3o Sebasti\u00e3o, na Zona Norte do Rio de Janeiro. A conquista \u00e9 fruto de uma luta conjunta da Associa\u00e7\u00e3o Renova Mercado S\u00e3o Sebasti\u00e3o, em parceria com a ADERJ &#8211; Associa\u00e7\u00e3o de Atacadistas e Distribuidores do Estado do Rio de Janeiro e outras entidades, que pleitearam junto ao Governo do Estado a instala\u00e7\u00e3o da base, garantindo mais seguran\u00e7a e tranquilidade para comerciantes, trabalhadores e frequentadores do mercado. Dentre as institui\u00e7\u00f5es que fazem parte deste esfor\u00e7o conjunto est\u00e3o: a BGA-RJ \u2013 Bolsa de G\u00eaneros Aliment\u00edcios do Estado do Rio de Janeiro, a ASSERJ \u2013 Associa\u00e7\u00e3o dos Supermercados do Estado do Rio de Janeiro, e o Condom\u00ednio do Edif\u00edcio Pal\u00e1cio da Bolsa e Anexo Waldemar Pereira Velloso. A cerim\u00f4nia reuniu autoridades governamentais, empres\u00e1rios e representantes do setor produtivo fluminense, e contou com a presen\u00e7a do Sr. Jorge Menendes, presidente da ADERJ; Sr. F\u00e1bio Queir\u00f3z, presidente da ASSERJ; Sr. Everaldo Nascimento, presidente da BGA-RJ; Sr. Eduardo Ribeiro, presidente da Renova; Sr. Filipe Coelho, presidente do SINDICARGA e Sr. Jos\u00e9 de Sousa, do Condom\u00ednio Pal\u00e1cio da Bolsa. Entre as autoridades estavam presentes o Sr. Rosenverg Reis, Deputado Estadual, Sr. M\u00e1rcio Gualberto, Deputado Estadual, e o Sr. Vitor Hugo, Vereador do Munic\u00edpio do Rio de Janeiro, a V. Ex.\u00aa. Andr\u00e9 Moura, Secret\u00e1rio de Governo, e a V. Ex.\u00aa Jeanine Domenech, Subsecret\u00e1ria de Governo. O evento foi encerrado com uma homenagem especial: Jeanine Domenech recebeu um buqu\u00ea de flores das m\u00e3os da Sra. Ana Cristina Cerqueira, superintendente-executiva da ADERJ, em reconhecimento ao apoio e \u00e0 aten\u00e7\u00e3o dedicados ao Mercado S\u00e3o Sebasti\u00e3o. O Programa Seguran\u00e7a Presente, mantido e ampliado na gest\u00e3o do Governador Cl\u00e1udio Castro, refor\u00e7a o compromisso do Governo do Estado e das entidades parceiras com a revitaliza\u00e7\u00e3o e o fortalecimento do Mercado S\u00e3o Sebasti\u00e3o, promovendo um ambiente mais seguro, valorizado e prop\u00edcio ao crescimento do com\u00e9rcio. ADERJ: unindo ideias para distribuir benef\u00edcios!<\/p>\n","protected":false},"author":7,"featured_media":14821,"comment_status":"open","ping_status":"open","sticky":false,"template":"","format":"standard","meta":{"footnotes":""},"categories":[1],"tags":[],"class_list":["post-14820","post","type-post","status-publish","format-standard","has-post-thumbnail","hentry","category-blog"],"rttpg_featured_image_url":{"full":["https:\/\/aderj.com.br\/wp-content\/uploads\/2025\/10\/DSCF0118-scaled.jpg",2560,1707,false],"landscape":["https:\/\/aderj.com.br\/wp-content\/uploads\/2025\/10\/DSCF0118-scaled.jpg",2560,1707,false],"portraits":["https:\/\/aderj.com.br\/wp-content\/uploads\/2025\/10\/DSCF0118-scaled.jpg",2560,1707,false],"thumbnail":["https:\/\/aderj.com.br\/wp-content\/uploads\/2025\/10\/DSCF0118-150x150.jpg",150,150,true],"medium":["https:\/\/aderj.com.br\/wp-content\/uploads\/2025\/10\/DSCF0118-300x300.jpg",300,300,true],"large":["https:\/\/aderj.com.br\/wp-content\/uploads\/2025\/10\/DSCF0118-1024x1024.jpg",800,800,true],"1536x1536":["https:\/\/aderj.com.br\/wp-content\/uploads\/2025\/10\/DSCF0118-1536x1024.jpg",1536,1024,true],"2048x2048":["https:\/\/aderj.com.br\/wp-content\/uploads\/2025\/10\/DSCF0118-2048x1365.jpg",2048,1365,true]},"rttpg_author":{"display_name":"ADERJ","author_link":"https:\/\/aderj.com.br\/index.php\/author\/aderj\/"},"rttpg_comment":0,"rttpg_category":"<a href=\"https:\/\/aderj.com.br\/index.php\/category\/blog\/\" rel=\"category tag\">Blog<\/a>","rttpg_excerpt":"Na manh\u00e3 da \u00faltima ter\u00e7a-feira, 28 de outubro, foi inaugurada a 57\u00aa base do programa Seguran\u00e7a Presente no Mercado S\u00e3o Sebasti\u00e3o, na Zona Norte do Rio de Janeiro. A conquista \u00e9 fruto de uma luta conjunta da Associa\u00e7\u00e3o Renova Mercado S\u00e3o Sebasti\u00e3o, em parceria com a ADERJ &#8211; Associa\u00e7\u00e3o de Atacadistas e Distribuidores do Estado&hellip;","_links":{"self":[{"href":"https:\/\/aderj.com.br\/index.php\/wp-json\/wp\/v2\/posts\/14820","targetHints":{"allow":["GET"]}}],"collection":[{"href":"https:\/\/aderj.com.br\/index.php\/wp-json\/wp\/v2\/posts"}],"about":[{"href":"https:\/\/aderj.com.br\/index.php\/wp-json\/wp\/v2\/types\/post"}],"author":[{"embeddable":true,"href":"https:\/\/aderj.com.br\/index.php\/wp-json\/wp\/v2\/users\/7"}],"replies":[{"embeddable":true,"href":"https:\/\/aderj.com.br\/index.php\/wp-json\/wp\/v2\/comments?post=14820"}],"version-history":[{"count":1,"href":"https:\/\/aderj.com.br\/index.php\/wp-json\/wp\/v2\/posts\/14820\/revisions"}],"predecessor-version":[{"id":14835,"href":"https:\/\/aderj.com.br\/index.php\/wp-json\/wp\/v2\/posts\/14820\/revisions\/14835"}],"wp:featuredmedia":[{"embeddable":true,"href":"https:\/\/aderj.com.br\/index.php\/wp-json\/wp\/v2\/media\/14821"}],"wp:attachment":[{"href":"https:\/\/aderj.com.br\/index.php\/wp-json\/wp\/v2\/media?parent=14820"}],"wp:term":[{"taxonomy":"category","embeddable":true,"href":"https:\/\/aderj.com.br\/index.php\/wp-json\/wp\/v2\/categories?post=14820"},{"taxonomy":"post_tag","embeddable":true,"href":"https:\/\/aderj.com.br\/index.php\/wp-json\/wp\/v2\/tags?post=14820"}],"curies":[{"name":"wp","href":"https:\/\/api.w.org\/{rel}","templated":true}]}}