{"id":14584,"date":"2025-03-14T08:00:00","date_gmt":"2025-03-14T11:00:00","guid":{"rendered":"https:\/\/aderj.com.br\/?p=14584"},"modified":"2025-08-14T13:44:21","modified_gmt":"2025-08-14T16:44:21","slug":"pcda-programa-de-capacitacao-e-desenvolvimento-da-aderj","status":"publish","type":"post","link":"https:\/\/aderj.com.br\/index.php\/2025\/03\/14\/pcda-programa-de-capacitacao-e-desenvolvimento-da-aderj\/","title":{"rendered":"PCDA- Programa de Capacita\u00e7\u00e3o e Desenvolvimento da ADERJ"},"content":{"rendered":"\n<p>O Programa de Capacita\u00e7\u00e3o e Desenvolvimento da ADERJ &#8211; PCDA, teve seu primeiro encontro , dia 13 de mar\u00e7o de 2025, das 9h30 \u00e0s 12h, na sede da ADERJ com abertura de um coffee-break delicioso e uma recep\u00e7\u00e3o sempre feliz de ver a grande participa\u00e7\u00e3o do setor em nossas a\u00e7\u00f5es!<\/p>\n\n\n\n<p>Ana Cristina Cerqueira, Superintendente Executiva da ADERJ, deu as boas vindas e apresentou o PCDA que, neste ano, ter\u00e1 14 edi\u00e7\u00f5es. Ressaltou que este tema do dia \u00e9 muito comum nas empresas, e o conhecimento \u00e9 fundamental para respaldar a todas.<\/p>\n\n\n\n<p>A palestra foi conduzida pela Dra. D\u00e9bora Rodrigues, delegada titular da 66\u00aa DP Piabeta Mag\u00e9, uma grande parceira da ADERJ, que<br>falou sobre o importante tema &#8220;Ass\u00e9dio Moral no Ambiente de Trabalho&#8221;. Compartilhou valiosos conhecimentos sobre como identificar, caracterizar, combater e saber o que fazer, com base na legisla\u00e7\u00e3o, em casos de ass\u00e9dio moral, trazendo exemplos reais, onde os participantes tiraram d\u00favidas e compartilharam a\u00e7\u00f5es. Foi riqu\u00edssimo o conte\u00fado e networking.<\/p>\n\n\n\n<p>O evento foi um marco no in\u00edcio do programa, que visa oferecer conte\u00fados relevantes para o aprimoramento e o desenvolvimento de todos os participantes.<\/p>\n\n\n\n<p>Fique atento, dia 25 de mar\u00e7o teremos o pr\u00f3ximo. Inscreva-se j\u00e1!<\/p>\n\n\n\n<p>Saiba mais falando conosco nos n\u00fameros 21 2584-2446 e fique atento a nossas redes sociais.<\/p>\n\n\n\n<figure class=\"wp-block-gallery has-nested-images columns-default is-cropped wp-block-gallery-1 is-layout-flex wp-block-gallery-is-layout-flex\">\n<figure class=\"wp-block-image size-large\"><img fetchpriority=\"high\" decoding=\"async\" width=\"720\" height=\"1024\" data-id=\"14592\" src=\"https:\/\/aderj.com.br\/wp-content\/uploads\/2025\/08\/WhatsApp-Image-2025-08-04-at-22.18.11-720x1024.jpeg\" alt=\"\" class=\"wp-image-14592\"\/><\/figure>\n\n\n\n<figure class=\"wp-block-image size-medium\"><img decoding=\"async\" width=\"300\" height=\"300\" data-id=\"14594\" src=\"https:\/\/aderj.com.br\/wp-content\/uploads\/2025\/08\/WhatsApp-Image-2025-08-04-at-22.14.10-300x300.jpeg\" alt=\"\" class=\"wp-image-14594\" srcset=\"https:\/\/aderj.com.br\/wp-content\/uploads\/2025\/08\/WhatsApp-Image-2025-08-04-at-22.14.10-300x300.jpeg 300w, https:\/\/aderj.com.br\/wp-content\/uploads\/2025\/08\/WhatsApp-Image-2025-08-04-at-22.14.10-150x150.jpeg 150w, https:\/\/aderj.com.br\/wp-content\/uploads\/2025\/08\/WhatsApp-Image-2025-08-04-at-22.14.10-768x768.jpeg 768w\" sizes=\"(max-width: 300px) 100vw, 300px\" \/><\/figure>\n\n\n\n<figure class=\"wp-block-image size-large\"><img decoding=\"async\" width=\"720\" height=\"1024\" data-id=\"14595\" src=\"https:\/\/aderj.com.br\/wp-content\/uploads\/2025\/08\/WhatsApp-Image-2025-08-04-at-22.13.06-720x1024.jpeg\" alt=\"\" class=\"wp-image-14595\"\/><\/figure>\n\n\n\n<figure class=\"wp-block-image size-large\"><img loading=\"lazy\" decoding=\"async\" width=\"960\" height=\"1024\" data-id=\"14591\" src=\"https:\/\/aderj.com.br\/wp-content\/uploads\/2025\/08\/WhatsApp-Image-2025-08-04-at-22.18.24-960x1024.jpeg\" alt=\"\" class=\"wp-image-14591\"\/><\/figure>\n\n\n\n<figure class=\"wp-block-image size-large\"><img loading=\"lazy\" decoding=\"async\" width=\"960\" height=\"1024\" data-id=\"14589\" src=\"https:\/\/aderj.com.br\/wp-content\/uploads\/2025\/08\/WhatsApp-Image-2025-08-04-at-22.18.42-960x1024.jpeg\" alt=\"\" class=\"wp-image-14589\"\/><\/figure>\n\n\n\n<figure class=\"wp-block-image size-large\"><img loading=\"lazy\" decoding=\"async\" width=\"960\" height=\"1024\" data-id=\"14590\" src=\"https:\/\/aderj.com.br\/wp-content\/uploads\/2025\/08\/WhatsApp-Image-2025-08-04-at-22.18.33-960x1024.jpeg\" alt=\"\" class=\"wp-image-14590\"\/><\/figure>\n\n\n\n<figure class=\"wp-block-image size-large\"><img loading=\"lazy\" decoding=\"async\" width=\"1024\" height=\"960\" data-id=\"14593\" src=\"https:\/\/aderj.com.br\/wp-content\/uploads\/2025\/08\/WhatsApp-Image-2025-08-04-at-22.18.02-1024x960.jpeg\" alt=\"\" class=\"wp-image-14593\"\/><\/figure>\n<\/figure>\n\n\n\n<p><\/p>\n","protected":false},"excerpt":{"rendered":"<p>O Programa de Capacita\u00e7\u00e3o e Desenvolvimento da ADERJ &#8211; PCDA, teve seu primeiro encontro , dia 13 de mar\u00e7o de 2025, das 9h30 \u00e0s 12h, na sede da ADERJ com abertura de um coffee-break delicioso e uma recep\u00e7\u00e3o sempre feliz de ver a grande participa\u00e7\u00e3o do setor em nossas a\u00e7\u00f5es! Ana Cristina Cerqueira, Superintendente Executiva da ADERJ, deu as boas vindas e apresentou o PCDA que, neste ano, ter\u00e1 14 edi\u00e7\u00f5es. Ressaltou que este tema do dia \u00e9 muito comum nas empresas, e o conhecimento \u00e9 fundamental para respaldar a todas. A palestra foi conduzida pela Dra. D\u00e9bora Rodrigues, delegada titular da 66\u00aa DP Piabeta Mag\u00e9, uma grande parceira da ADERJ, quefalou sobre o importante tema &#8220;Ass\u00e9dio Moral no Ambiente de Trabalho&#8221;. Compartilhou valiosos conhecimentos sobre como identificar, caracterizar, combater e saber o que fazer, com base na legisla\u00e7\u00e3o, em casos de ass\u00e9dio moral, trazendo exemplos reais, onde os participantes tiraram d\u00favidas e compartilharam a\u00e7\u00f5es. Foi riqu\u00edssimo o conte\u00fado e networking. O evento foi um marco no in\u00edcio do programa, que visa oferecer conte\u00fados relevantes para o aprimoramento e o desenvolvimento de todos os participantes. Fique atento, dia 25 de mar\u00e7o teremos o pr\u00f3ximo. Inscreva-se j\u00e1! Saiba mais falando conosco nos n\u00fameros 21 2584-2446 e fique atento a nossas redes sociais.<\/p>\n","protected":false},"author":7,"featured_media":14585,"comment_status":"closed","ping_status":"open","sticky":false,"template":"","format":"standard","meta":{"footnotes":""},"categories":[1],"tags":[],"class_list":["post-14584","post","type-post","status-publish","format-standard","has-post-thumbnail","hentry","category-blog"],"rttpg_featured_image_url":{"full":["https:\/\/aderj.com.br\/wp-content\/uploads\/2025\/08\/WhatsApp-Image-2025-08-04-at-22.12.22.jpeg",1280,1280,false],"landscape":["https:\/\/aderj.com.br\/wp-content\/uploads\/2025\/08\/WhatsApp-Image-2025-08-04-at-22.12.22.jpeg",1280,1280,false],"portraits":["https:\/\/aderj.com.br\/wp-content\/uploads\/2025\/08\/WhatsApp-Image-2025-08-04-at-22.12.22.jpeg",1280,1280,false],"thumbnail":["https:\/\/aderj.com.br\/wp-content\/uploads\/2025\/08\/WhatsApp-Image-2025-08-04-at-22.12.22-150x150.jpeg",150,150,true],"medium":["https:\/\/aderj.com.br\/wp-content\/uploads\/2025\/08\/WhatsApp-Image-2025-08-04-at-22.12.22-300x300.jpeg",300,300,true],"large":["https:\/\/aderj.com.br\/wp-content\/uploads\/2025\/08\/WhatsApp-Image-2025-08-04-at-22.12.22-1024x1024.jpeg",800,800,true],"1536x1536":["https:\/\/aderj.com.br\/wp-content\/uploads\/2025\/08\/WhatsApp-Image-2025-08-04-at-22.12.22.jpeg",1280,1280,false],"2048x2048":["https:\/\/aderj.com.br\/wp-content\/uploads\/2025\/08\/WhatsApp-Image-2025-08-04-at-22.12.22.jpeg",1280,1280,false]},"rttpg_author":{"display_name":"ADERJ","author_link":"https:\/\/aderj.com.br\/index.php\/author\/aderj\/"},"rttpg_comment":0,"rttpg_category":"<a href=\"https:\/\/aderj.com.br\/index.php\/category\/blog\/\" rel=\"category tag\">Blog<\/a>","rttpg_excerpt":"O Programa de Capacita\u00e7\u00e3o e Desenvolvimento da ADERJ &#8211; PCDA, teve seu primeiro encontro , dia 13 de mar\u00e7o de 2025, das 9h30 \u00e0s 12h, na sede da ADERJ com abertura de um coffee-break delicioso e uma recep\u00e7\u00e3o sempre feliz de ver a grande participa\u00e7\u00e3o do setor em nossas a\u00e7\u00f5es! Ana Cristina Cerqueira, Superintendente Executiva&hellip;","_links":{"self":[{"href":"https:\/\/aderj.com.br\/index.php\/wp-json\/wp\/v2\/posts\/14584","targetHints":{"allow":["GET"]}}],"collection":[{"href":"https:\/\/aderj.com.br\/index.php\/wp-json\/wp\/v2\/posts"}],"about":[{"href":"https:\/\/aderj.com.br\/index.php\/wp-json\/wp\/v2\/types\/post"}],"author":[{"embeddable":true,"href":"https:\/\/aderj.com.br\/index.php\/wp-json\/wp\/v2\/users\/7"}],"replies":[{"embeddable":true,"href":"https:\/\/aderj.com.br\/index.php\/wp-json\/wp\/v2\/comments?post=14584"}],"version-history":[{"count":5,"href":"https:\/\/aderj.com.br\/index.php\/wp-json\/wp\/v2\/posts\/14584\/revisions"}],"predecessor-version":[{"id":14613,"href":"https:\/\/aderj.com.br\/index.php\/wp-json\/wp\/v2\/posts\/14584\/revisions\/14613"}],"wp:featuredmedia":[{"embeddable":true,"href":"https:\/\/aderj.com.br\/index.php\/wp-json\/wp\/v2\/media\/14585"}],"wp:attachment":[{"href":"https:\/\/aderj.com.br\/index.php\/wp-json\/wp\/v2\/media?parent=14584"}],"wp:term":[{"taxonomy":"category","embeddable":true,"href":"https:\/\/aderj.com.br\/index.php\/wp-json\/wp\/v2\/categories?post=14584"},{"taxonomy":"post_tag","embeddable":true,"href":"https:\/\/aderj.com.br\/index.php\/wp-json\/wp\/v2\/tags?post=14584"}],"curies":[{"name":"wp","href":"https:\/\/api.w.org\/{rel}","templated":true}]}}