{"id":14309,"date":"2025-01-28T08:00:00","date_gmt":"2025-01-28T11:00:00","guid":{"rendered":"https:\/\/aderj.com.br\/?p=14309"},"modified":"2025-07-29T09:45:46","modified_gmt":"2025-07-29T12:45:46","slug":"ranking-abad-nielseniq-2025","status":"publish","type":"post","link":"https:\/\/aderj.com.br\/index.php\/2025\/01\/28\/ranking-abad-nielseniq-2025\/","title":{"rendered":"Ranking ABAD\/NielsenIQ 2025 &#8211; Ano Base 2024."},"content":{"rendered":"\n<p>Participa\u00e7\u00e3o Antecipada &#8211; As empresas que responderem ao Ranking ABAD\/NielsenIQ 2025 &#8211; Ano Base 2024 at\u00e9 o dia 10 de fevereiro concorrer\u00e3o a um an\u00fancio de p\u00e1gina inteira na primeira edi\u00e7\u00e3o de 2025 (fevereiro\/mar\u00e7o) da Revista Distribui\u00e7\u00e3o.<\/p>\n\n\n\n<p><br>Todos os modelos de neg\u00f3cio podem participar, sejam associados \u00e0 ABAD\/Filiadas ou n\u00e3o (prazo final 20\/02\/25).<\/p>\n\n\n\n<p>\u00c9 a oportunidade de contribuir com o estudo que retrata a relev\u00e2ncia do atacado distribuidor na economia brasileira e ainda ter a chance de expor a marca em uma das mais importantes publica\u00e7\u00f5es do setor.<br>Detalhes do sorteio ser\u00e3o explicados posteriormente.<\/p>\n\n\n\n<p>Preencha agora mesmo!<\/p>\n\n\n\n<p>Acesse o formul\u00e1rio &#8211; que \u00e9 din\u00e2mico e on-line &#8211; atrav\u00e9s do link na bio!<\/p>\n\n\n\n<p>Em caso de d\u00favidas, entre em contato pelo e-mail: andreia@abad.com.br ou pelo celular 11-99201-9319\/ eventos@aderj.com.br\/ tel : 21 2584- 3590 ou 21 2584- 2446.<\/p>\n\n\n\n<p><\/p>\n","protected":false},"excerpt":{"rendered":"<p>Participa\u00e7\u00e3o Antecipada &#8211; As empresas que responderem ao Ranking ABAD\/NielsenIQ 2025 &#8211; Ano Base 2024 at\u00e9 o dia 10 de fevereiro concorrer\u00e3o a um an\u00fancio de p\u00e1gina inteira na primeira edi\u00e7\u00e3o de 2025 (fevereiro\/mar\u00e7o) da Revista Distribui\u00e7\u00e3o. Todos os modelos de neg\u00f3cio podem participar, sejam associados \u00e0 ABAD\/Filiadas ou n\u00e3o (prazo final 20\/02\/25). \u00c9 a oportunidade de contribuir com o estudo que retrata a relev\u00e2ncia do atacado distribuidor na economia brasileira e ainda ter a chance de expor a marca em uma das mais importantes publica\u00e7\u00f5es do setor.Detalhes do sorteio ser\u00e3o explicados posteriormente. Preencha agora mesmo! Acesse o formul\u00e1rio &#8211; que \u00e9 din\u00e2mico e on-line &#8211; atrav\u00e9s do link na bio! Em caso de d\u00favidas, entre em contato pelo e-mail: andreia@abad.com.br ou pelo celular 11-99201-9319\/ eventos@aderj.com.br\/ tel : 21 2584- 3590 ou 21 2584- 2446.<\/p>\n","protected":false},"author":7,"featured_media":14310,"comment_status":"open","ping_status":"open","sticky":false,"template":"","format":"standard","meta":{"footnotes":""},"categories":[1],"tags":[],"class_list":["post-14309","post","type-post","status-publish","format-standard","has-post-thumbnail","hentry","category-blog"],"rttpg_featured_image_url":{"full":["https:\/\/aderj.com.br\/wp-content\/uploads\/2025\/07\/2bdda6b2-1576-4c56-b316-4c959290fab4.jpeg",848,848,false],"landscape":["https:\/\/aderj.com.br\/wp-content\/uploads\/2025\/07\/2bdda6b2-1576-4c56-b316-4c959290fab4.jpeg",848,848,false],"portraits":["https:\/\/aderj.com.br\/wp-content\/uploads\/2025\/07\/2bdda6b2-1576-4c56-b316-4c959290fab4.jpeg",848,848,false],"thumbnail":["https:\/\/aderj.com.br\/wp-content\/uploads\/2025\/07\/2bdda6b2-1576-4c56-b316-4c959290fab4-150x150.jpeg",150,150,true],"medium":["https:\/\/aderj.com.br\/wp-content\/uploads\/2025\/07\/2bdda6b2-1576-4c56-b316-4c959290fab4-300x300.jpeg",300,300,true],"large":["https:\/\/aderj.com.br\/wp-content\/uploads\/2025\/07\/2bdda6b2-1576-4c56-b316-4c959290fab4.jpeg",800,800,false],"1536x1536":["https:\/\/aderj.com.br\/wp-content\/uploads\/2025\/07\/2bdda6b2-1576-4c56-b316-4c959290fab4.jpeg",848,848,false],"2048x2048":["https:\/\/aderj.com.br\/wp-content\/uploads\/2025\/07\/2bdda6b2-1576-4c56-b316-4c959290fab4.jpeg",848,848,false]},"rttpg_author":{"display_name":"ADERJ","author_link":"https:\/\/aderj.com.br\/index.php\/author\/aderj\/"},"rttpg_comment":0,"rttpg_category":"<a href=\"https:\/\/aderj.com.br\/index.php\/category\/blog\/\" rel=\"category tag\">Blog<\/a>","rttpg_excerpt":"Participa\u00e7\u00e3o Antecipada &#8211; As empresas que responderem ao Ranking ABAD\/NielsenIQ 2025 &#8211; Ano Base 2024 at\u00e9 o dia 10 de fevereiro concorrer\u00e3o a um an\u00fancio de p\u00e1gina inteira na primeira edi\u00e7\u00e3o de 2025 (fevereiro\/mar\u00e7o) da Revista Distribui\u00e7\u00e3o. Todos os modelos de neg\u00f3cio podem participar, sejam associados \u00e0 ABAD\/Filiadas ou n\u00e3o (prazo final 20\/02\/25). \u00c9 a&hellip;","_links":{"self":[{"href":"https:\/\/aderj.com.br\/index.php\/wp-json\/wp\/v2\/posts\/14309","targetHints":{"allow":["GET"]}}],"collection":[{"href":"https:\/\/aderj.com.br\/index.php\/wp-json\/wp\/v2\/posts"}],"about":[{"href":"https:\/\/aderj.com.br\/index.php\/wp-json\/wp\/v2\/types\/post"}],"author":[{"embeddable":true,"href":"https:\/\/aderj.com.br\/index.php\/wp-json\/wp\/v2\/users\/7"}],"replies":[{"embeddable":true,"href":"https:\/\/aderj.com.br\/index.php\/wp-json\/wp\/v2\/comments?post=14309"}],"version-history":[{"count":3,"href":"https:\/\/aderj.com.br\/index.php\/wp-json\/wp\/v2\/posts\/14309\/revisions"}],"predecessor-version":[{"id":14416,"href":"https:\/\/aderj.com.br\/index.php\/wp-json\/wp\/v2\/posts\/14309\/revisions\/14416"}],"wp:featuredmedia":[{"embeddable":true,"href":"https:\/\/aderj.com.br\/index.php\/wp-json\/wp\/v2\/media\/14310"}],"wp:attachment":[{"href":"https:\/\/aderj.com.br\/index.php\/wp-json\/wp\/v2\/media?parent=14309"}],"wp:term":[{"taxonomy":"category","embeddable":true,"href":"https:\/\/aderj.com.br\/index.php\/wp-json\/wp\/v2\/categories?post=14309"},{"taxonomy":"post_tag","embeddable":true,"href":"https:\/\/aderj.com.br\/index.php\/wp-json\/wp\/v2\/tags?post=14309"}],"curies":[{"name":"wp","href":"https:\/\/api.w.org\/{rel}","templated":true}]}}