{"id":1119,"date":"2024-07-02T20:29:09","date_gmt":"2024-07-02T23:29:09","guid":{"rendered":"https:\/\/unioncityrp.com\/aderj\/\/?p=1119"},"modified":"2024-08-01T17:09:04","modified_gmt":"2024-08-01T20:09:04","slug":"seja-um-associado-da-aderj","status":"publish","type":"post","link":"https:\/\/aderj.com.br\/index.php\/2024\/07\/02\/seja-um-associado-da-aderj\/","title":{"rendered":"SEJA UMA EMPRESA ASSOCIADA DA ADERJ"},"content":{"rendered":"\n<p><\/p>\n\n\n\n<p>Tudo que voc\u00ea que n\u00e3o \u00e9 associado ainda precisa saber sobre essa forte e solida entidade.<\/p>\n\n\n\n<p>Se sua empresa atua no ramo de atacado e distribui\u00e7\u00e3o no estado do Rio de Janeiro, e ainda n\u00e3o \u00e9 associada da ADERJ est\u00e1 perdendo oportunidades e benef\u00edcios. As associadas da ADERJ se inserem e um contexto empresarial de grande porte e contam com um rol de servi\u00e7os, como Assessorias Jur\u00eddicas e Tribut\u00e1rias; Assessoria Cont\u00e1bil; Assessoria LGPD; Auditoria empresarial; Networking com l\u00edderes, empres\u00e1rios, sucessores, profissionais de Recursos Humanos, atrav\u00e9s cursos, palestras, Workshops e semin\u00e1rios. <br>Sua empresa estar\u00e1 associada a uma marca que h\u00e1 38 anos defende o setor. Associe-se.<\/p>\n\n\n\n<p>Clique abaixo ou envie um e-mail para filiacao@aderj.com.br.<\/p>\n\n\n\n<div class=\"wp-block-buttons is-layout-flex wp-block-buttons-is-layout-flex\">\n<div class=\"wp-block-button has-custom-font-size\" style=\"font-size:20px;font-style:normal;font-weight:600\"><a class=\"wp-block-button__link has-white-color has-midnight-gradient-background has-text-color has-background has-link-color wp-element-button\" href=\"mailto:filiacao@aderj.com.br?subject=SEJA%20UM%20ASSOCIADO%20ADERJ&amp;body=Ol%C3%A1%2C%20vim%20pelo%20site%20da%20ADERJ%20e%20gostaria%20de%20me%20tornar%20afiliado.\" style=\"border-radius:9px\">ENVIE UM E-MAIL AGORA<\/a><\/div>\n<\/div>\n\n\n\n<p><\/p>\n","protected":false},"excerpt":{"rendered":"<p>Tudo que voc\u00ea que n\u00e3o \u00e9 associado ainda precisa saber sobre essa forte e solida entidade. Se sua empresa atua no ramo de atacado e distribui\u00e7\u00e3o no estado do Rio de Janeiro, e ainda n\u00e3o \u00e9 associada da ADERJ est\u00e1 perdendo oportunidades e benef\u00edcios. As associadas da ADERJ se inserem e um contexto empresarial de grande porte e contam com um rol de servi\u00e7os, como Assessorias Jur\u00eddicas e Tribut\u00e1rias; Assessoria Cont\u00e1bil; Assessoria LGPD; Auditoria empresarial; Networking com l\u00edderes, empres\u00e1rios, sucessores, profissionais de Recursos Humanos, atrav\u00e9s cursos, palestras, Workshops e semin\u00e1rios. Sua empresa estar\u00e1 associada a uma marca que h\u00e1 38 anos defende o setor. Associe-se. Clique abaixo ou envie um e-mail para filiacao@aderj.com.br.<\/p>\n","protected":false},"author":1,"featured_media":1801,"comment_status":"open","ping_status":"open","sticky":false,"template":"","format":"standard","meta":{"footnotes":""},"categories":[20],"tags":[],"class_list":["post-1119","post","type-post","status-publish","format-standard","has-post-thumbnail","hentry","category-novidades-de-destaque"],"rttpg_featured_image_url":{"full":["https:\/\/aderj.com.br\/wp-content\/uploads\/2024\/02\/Banner-Seja-um-Associado.jpg",1920,1080,false],"landscape":["https:\/\/aderj.com.br\/wp-content\/uploads\/2024\/02\/Banner-Seja-um-Associado.jpg",1920,1080,false],"portraits":["https:\/\/aderj.com.br\/wp-content\/uploads\/2024\/02\/Banner-Seja-um-Associado.jpg",1920,1080,false],"thumbnail":["https:\/\/aderj.com.br\/wp-content\/uploads\/2024\/02\/Banner-Seja-um-Associado-150x150.jpg",150,150,true],"medium":["https:\/\/aderj.com.br\/wp-content\/uploads\/2024\/02\/Banner-Seja-um-Associado-300x300.jpg",300,300,true],"large":["https:\/\/aderj.com.br\/wp-content\/uploads\/2024\/02\/Banner-Seja-um-Associado-1024x1024.jpg",800,800,true],"1536x1536":["https:\/\/aderj.com.br\/wp-content\/uploads\/2024\/02\/Banner-Seja-um-Associado-1536x864.jpg",1536,864,true],"2048x2048":["https:\/\/aderj.com.br\/wp-content\/uploads\/2024\/02\/Banner-Seja-um-Associado.jpg",1920,1080,false]},"rttpg_author":{"display_name":"ADMIN","author_link":"https:\/\/aderj.com.br\/index.php\/author\/angrarj-com\/"},"rttpg_comment":0,"rttpg_category":"<a href=\"https:\/\/aderj.com.br\/index.php\/category\/novidades-de-destaque\/\" rel=\"category tag\">Novidades de Destaque<\/a>","rttpg_excerpt":"Tudo que voc\u00ea que n\u00e3o \u00e9 associado ainda precisa saber sobre essa forte e solida entidade. Se sua empresa atua no ramo de atacado e distribui\u00e7\u00e3o no estado do Rio de Janeiro, e ainda n\u00e3o \u00e9 associada da ADERJ est\u00e1 perdendo oportunidades e benef\u00edcios. As associadas da ADERJ se inserem e um contexto empresarial de&hellip;","_links":{"self":[{"href":"https:\/\/aderj.com.br\/index.php\/wp-json\/wp\/v2\/posts\/1119","targetHints":{"allow":["GET"]}}],"collection":[{"href":"https:\/\/aderj.com.br\/index.php\/wp-json\/wp\/v2\/posts"}],"about":[{"href":"https:\/\/aderj.com.br\/index.php\/wp-json\/wp\/v2\/types\/post"}],"author":[{"embeddable":true,"href":"https:\/\/aderj.com.br\/index.php\/wp-json\/wp\/v2\/users\/1"}],"replies":[{"embeddable":true,"href":"https:\/\/aderj.com.br\/index.php\/wp-json\/wp\/v2\/comments?post=1119"}],"version-history":[{"count":8,"href":"https:\/\/aderj.com.br\/index.php\/wp-json\/wp\/v2\/posts\/1119\/revisions"}],"predecessor-version":[{"id":4636,"href":"https:\/\/aderj.com.br\/index.php\/wp-json\/wp\/v2\/posts\/1119\/revisions\/4636"}],"wp:featuredmedia":[{"embeddable":true,"href":"https:\/\/aderj.com.br\/index.php\/wp-json\/wp\/v2\/media\/1801"}],"wp:attachment":[{"href":"https:\/\/aderj.com.br\/index.php\/wp-json\/wp\/v2\/media?parent=1119"}],"wp:term":[{"taxonomy":"category","embeddable":true,"href":"https:\/\/aderj.com.br\/index.php\/wp-json\/wp\/v2\/categories?post=1119"},{"taxonomy":"post_tag","embeddable":true,"href":"https:\/\/aderj.com.br\/index.php\/wp-json\/wp\/v2\/tags?post=1119"}],"curies":[{"name":"wp","href":"https:\/\/api.w.org\/{rel}","templated":true}]}}